{"id":109704,"date":"2025-12-18T08:43:07","date_gmt":"2025-12-18T08:43:07","guid":{"rendered":"https:\/\/www.europesays.com\/se\/109704\/"},"modified":"2025-12-18T08:43:07","modified_gmt":"2025-12-18T08:43:07","slug":"trakasserier-nar-chef-uttryckte-sig-krankande-om-anstalld","status":"publish","type":"post","link":"https:\/\/www.europesays.com\/se\/109704\/","title":{"rendered":"Trakasserier n\u00e4r chef uttryckte sig kr\u00e4nkande om anst\u00e4lld"},"content":{"rendered":"<p class=\"font-normal\">Trakasserier \u00e4r enligt diskrimineringslagen en form av diskriminering som omfattar ett upptr\u00e4dande som kr\u00e4nker n\u00e5gons v\u00e4rdighet och som har samband med n\u00e5gon av lagens diskrimineringsgrunder, till exempel etnisk tillh\u00f6righet. Trakasserier kan avse fysiskt, verbalt eller annat kr\u00e4nkande upptr\u00e4dande. Handlingarna eller bem\u00f6tandet ska inneb\u00e4ra ett missgynnande i form av skada eller obehag och p\u00e5 s\u00e5 s\u00e4tt kr\u00e4nka den enskildes v\u00e4rdighet. Det kan vara fr\u00e5ga om trakasserier \u00e4ven om det kr\u00e4nkande uttalandet inte uttalas direkt till den ber\u00f6rde utan till en annan person.<\/p>\n<p class=\"font-normal\">I det aktuella fallet har den anst\u00e4llde f\u00e5tt reda p\u00e5 att hans n\u00e4rmaste chef uttryckt sig hotfullt och kr\u00e4nkande om honom till n\u00e5gra av hans kollegor. Arbetsgivaren ska till f\u00f6ljd av det intr\u00e4ffade ha gett den aktuella chefen en skriftlig erinran.<\/p>\n<p class=\"font-normal\">\u2013 Den trakasserande chefen m\u00e5ste ha insett risken f\u00f6r att det kr\u00e4nkande uttalandet skulle komma till den anst\u00e4lldes k\u00e4nnedom men har varit likgiltig inf\u00f6r denna risk. Att den anst\u00e4llde mannen sj\u00e4lv inte var d\u00e4r har allts\u00e5 enligt DO i det h\u00e4r fallet inte haft n\u00e5gon betydelse, s\u00e4ger Elsa Hagg\u00e5rd, processf\u00f6rare p\u00e5 DO:s r\u00e4ttsenhet.<\/p>\n<p class=\"font-normal\">DO beg\u00e4r att arbetsgivaren ska betala 30 000 kronor i diskrimineringsers\u00e4ttning f\u00f6r de trakasserier som mannen har utsatts f\u00f6r.<\/p>\n<p class=\"font-special-link\"><a href=\"https:\/\/www.do.se\/rattsfall-beslut-lagar-stodmaterial\/tvister-domar-tillsynsbeslut\/arbetsliv\/att-chef-uttryckte-sig-krankande-om-anstalld-utgor-trakasserier\" rel=\"nofollow noopener\" target=\"_blank\">DO 2025\/9401<\/a><\/p>\n","protected":false},"excerpt":{"rendered":"Trakasserier \u00e4r enligt diskrimineringslagen en form av diskriminering som omfattar ett upptr\u00e4dande som kr\u00e4nker n\u00e5gons v\u00e4rdighet och som&hellip;\n","protected":false},"author":2,"featured_media":22570,"comment_status":"","ping_status":"","sticky":false,"template":"","format":"standard","meta":{"footnotes":""},"categories":[5],"tags":[22,23,26,27,17,21,24,25,28,29,15,16,18,34,31,33,32,30,19,20],"class_list":{"0":"post-109704","1":"post","2":"type-post","3":"status-publish","4":"format-standard","5":"has-post-thumbnail","7":"category-rubriker","8":"tag-breaking-news","9":"tag-breakingnews","10":"tag-featured-news","11":"tag-featurednews","12":"tag-headlines","13":"tag-huvudnyheter","14":"tag-latest-news","15":"tag-latestnews","16":"tag-main-news","17":"tag-mainnews","18":"tag-news","19":"tag-nyheter","20":"tag-rubriker","21":"tag-se","22":"tag-svenska","23":"tag-sverige","24":"tag-sweden","25":"tag-swedish","26":"tag-top-stories","27":"tag-topstories"},"share_on_mastodon":{"url":"https:\/\/pubeurope.com\/@se\/115739689219572925","error":""},"_links":{"self":[{"href":"https:\/\/www.europesays.com\/se\/wp-json\/wp\/v2\/posts\/109704","targetHints":{"allow":["GET"]}}],"collection":[{"href":"https:\/\/www.europesays.com\/se\/wp-json\/wp\/v2\/posts"}],"about":[{"href":"https:\/\/www.europesays.com\/se\/wp-json\/wp\/v2\/types\/post"}],"author":[{"embeddable":true,"href":"https:\/\/www.europesays.com\/se\/wp-json\/wp\/v2\/users\/2"}],"replies":[{"embeddable":true,"href":"https:\/\/www.europesays.com\/se\/wp-json\/wp\/v2\/comments?post=109704"}],"version-history":[{"count":0,"href":"https:\/\/www.europesays.com\/se\/wp-json\/wp\/v2\/posts\/109704\/revisions"}],"wp:featuredmedia":[{"embeddable":true,"href":"https:\/\/www.europesays.com\/se\/wp-json\/wp\/v2\/media\/22570"}],"wp:attachment":[{"href":"https:\/\/www.europesays.com\/se\/wp-json\/wp\/v2\/media?parent=109704"}],"wp:term":[{"taxonomy":"category","embeddable":true,"href":"https:\/\/www.europesays.com\/se\/wp-json\/wp\/v2\/categories?post=109704"},{"taxonomy":"post_tag","embeddable":true,"href":"https:\/\/www.europesays.com\/se\/wp-json\/wp\/v2\/tags?post=109704"}],"curies":[{"name":"wp","href":"https:\/\/api.w.org\/{rel}","templated":true}]}}