{"id":109707,"date":"2025-12-18T08:48:14","date_gmt":"2025-12-18T08:48:14","guid":{"rendered":"https:\/\/www.europesays.com\/se\/109707\/"},"modified":"2025-12-18T08:48:14","modified_gmt":"2025-12-18T08:48:14","slug":"detta-kopte-nordnet-spararna-2025-investor-i-topp","status":"publish","type":"post","link":"https:\/\/www.europesays.com\/se\/109707\/","title":{"rendered":"Detta k\u00f6pte Nordnet-spararna 2025 \u2013 Investor i topp"},"content":{"rendered":"<p class=\"font-sans text-base text-text-main dark:text-text-main-dark font-normal leading-[1.4]\">Under det g\u00e5ngna \u00e5ret har <strong>Nordnets <\/strong>sparare satsat p\u00e5 svenska aktier, fr\u00e4mst i samband med tullkaoset som utbr\u00f6t under \u00e5rets f\u00f6rsta h\u00e4lft. <\/p>\n<p class=\"font-sans text-base text-text-main dark:text-text-main-dark font-normal leading-[1.4]\">&#8221;D\u00e5 ville man helst k\u00f6pa svenskt, och g\u00e4rna bank och verkstad&#8221;, s\u00e4ger <strong>Frida Bratt<\/strong>, sparekonom p\u00e5 <strong>Nordnet<\/strong>, i ett pressmeddelande.<\/p>\n<p class=\"font-sans text-base text-text-main dark:text-text-main-dark font-normal leading-[1.4]\">I k\u00f6ptoppen \u00e5terfinns <strong>Investor<\/strong>, som f\u00f6r m\u00e5nga sparare fungerar som &#8221;bas i sparandet&#8221;. \u00c4ven danska l\u00e4kemedelsj\u00e4tten <strong>Novo Nordisk<\/strong>, som under \u00e5ret rasat med \u00f6ver 50%, var popul\u00e4r. <\/p>\n<p class=\"font-sans text-base text-text-main dark:text-text-main-dark font-normal leading-[1.4]\">&#8221;Den stora tillstr\u00f6mningen kom i samband med bolagets uppm\u00e4rksammade prognoss\u00e4nkning i somras, d\u00e5 spararna k\u00f6pte friskt i raset&#8221;, s\u00e4ger Frida Bratt. \u00a0<\/p>\n","protected":false},"excerpt":{"rendered":"Under det g\u00e5ngna \u00e5ret har Nordnets sparare satsat p\u00e5 svenska aktier, fr\u00e4mst i samband med tullkaoset som utbr\u00f6t&hellip;\n","protected":false},"author":2,"featured_media":109708,"comment_status":"","ping_status":"","sticky":false,"template":"","format":"standard","meta":{"footnotes":""},"categories":[65],"tags":[72,70,71,5822,3665,1206,758,2200,34,1142,31,33,32,30,396,6437],"class_list":{"0":"post-109707","1":"post","2":"type-post","3":"status-publish","4":"format-standard","5":"has-post-thumbnail","7":"category-ekonomi","8":"tag-business","9":"tag-economy","10":"tag-ekonomi","11":"tag-handelsbanken","12":"tag-investor","13":"tag-novo-nordisk","14":"tag-nvidia","15":"tag-saab","16":"tag-se","17":"tag-sparande","18":"tag-svenska","19":"tag-sverige","20":"tag-sweden","21":"tag-swedish","22":"tag-tesla","23":"tag-volvo"},"share_on_mastodon":{"url":"https:\/\/pubeurope.com\/@se\/115739708822780003","error":""},"_links":{"self":[{"href":"https:\/\/www.europesays.com\/se\/wp-json\/wp\/v2\/posts\/109707","targetHints":{"allow":["GET"]}}],"collection":[{"href":"https:\/\/www.europesays.com\/se\/wp-json\/wp\/v2\/posts"}],"about":[{"href":"https:\/\/www.europesays.com\/se\/wp-json\/wp\/v2\/types\/post"}],"author":[{"embeddable":true,"href":"https:\/\/www.europesays.com\/se\/wp-json\/wp\/v2\/users\/2"}],"replies":[{"embeddable":true,"href":"https:\/\/www.europesays.com\/se\/wp-json\/wp\/v2\/comments?post=109707"}],"version-history":[{"count":0,"href":"https:\/\/www.europesays.com\/se\/wp-json\/wp\/v2\/posts\/109707\/revisions"}],"wp:featuredmedia":[{"embeddable":true,"href":"https:\/\/www.europesays.com\/se\/wp-json\/wp\/v2\/media\/109708"}],"wp:attachment":[{"href":"https:\/\/www.europesays.com\/se\/wp-json\/wp\/v2\/media?parent=109707"}],"wp:term":[{"taxonomy":"category","embeddable":true,"href":"https:\/\/www.europesays.com\/se\/wp-json\/wp\/v2\/categories?post=109707"},{"taxonomy":"post_tag","embeddable":true,"href":"https:\/\/www.europesays.com\/se\/wp-json\/wp\/v2\/tags?post=109707"}],"curies":[{"name":"wp","href":"https:\/\/api.w.org\/{rel}","templated":true}]}}