{"id":109711,"date":"2025-12-18T08:54:39","date_gmt":"2025-12-18T08:54:39","guid":{"rendered":"https:\/\/www.europesays.com\/se\/109711\/"},"modified":"2025-12-18T08:54:39","modified_gmt":"2025-12-18T08:54:39","slug":"har-ar-sveriges-traningsmatcher-infor-jvm-2026","status":"publish","type":"post","link":"https:\/\/www.europesays.com\/se\/109711\/","title":{"rendered":"H\u00e4r \u00e4r Sveriges tr\u00e4ningsmatcher inf\u00f6r JVM 2026"},"content":{"rendered":"<p><strong>I natt b\u00f6rjar nedr\u00e4kningen inf\u00f6r <a href=\"https:\/\/hockeysverige.se\/junior-vm\/\" rel=\"nofollow noopener\" target=\"_blank\">Junior-VM 2026<\/a> p\u00e5 allvar. D\u00e5 spelar Sverige den f\u00f6rsta av tv\u00e5 tr\u00e4ningsmatcher mot Kanada inf\u00f6r turneringen. H\u00e4r f\u00f6ljer en genomg\u00e5ng av Juniorkronornas matcher innan JVM b\u00f6rjar.<\/strong><\/p>\n<p><img loading=\"lazy\" decoding=\"async\" width=\"1024\" height=\"658\" src=\"https:\/\/www.europesays.com\/se\/wp-content\/uploads\/2025\/12\/Sverige-Kanada-JVM-1024x658.webp.webp\" alt=\"\" class=\"wp-image-337341\"  \/>Sverige spelar tv\u00e5 tr\u00e4ningsmatcher mot Kanada inf\u00f6r JVM 2026.<br \/><strong>Foto:<\/strong> Michael Erichsen \/ BILDBYR\u00c5N<\/p>\n<p><strong>JVM 2026:<\/strong>\u00a0<a href=\"https:\/\/hockeysverige.se\/junior-vm\/jvm-spelschema\/\" target=\"_blank\" rel=\"noreferrer noopener nofollow\">Spelschema<\/a>\u00a0|\u00a0<a href=\"https:\/\/hockeysverige.se\/junior-vm\/junior-vm-i-ishockey-2026-pa-tv\/\" target=\"_blank\" rel=\"noreferrer noopener nofollow\">TV-tider<\/a>\u00a0|\u00a0<a href=\"https:\/\/hockeysverige.se\/junior-vm\/jvm-tabell\/\" target=\"_blank\" rel=\"noreferrer noopener nofollow\">Grupper &amp; tabell<\/a>\u00a0|\u00a0<a href=\"https:\/\/hockeysverige.se\/junior-vm\/jvm-resultat\/\" target=\"_blank\" rel=\"noreferrer noopener nofollow\">Resultat<\/a>\u00a0|\u00a0<a href=\"https:\/\/hockeysverige.se\/landslag\/juniorkronorna\/\" target=\"_blank\" rel=\"noreferrer noopener nofollow\">Allt om Juniorkronorna<\/a>\u00a0|<\/p>\n<p>P\u00e5 annandag jul kliver Juniorkronorna in i JVM genom att m\u00f6ta <a href=\"https:\/\/hockeysverige.se\/landslag\/slovakien\/\" rel=\"nofollow noopener\" target=\"_blank\">Slovakien<\/a> i \u00f6ppningsmatchen i Minnesota.<\/p>\n<p>Innan dess ska man hinna avverka tre tr\u00e4ningsmatcher. <a href=\"https:\/\/hockeysverige.se\/junior-vm\/juniorkronornas-tuffa-jvm-uppladdning-dubbelmote-med-kanada\/\" rel=\"nofollow noopener\" target=\"_blank\">Varav tv\u00e5 mot Kanada \u2013 i Kanada<\/a>. <\/p>\n<p>Den f\u00f6rsta spelas mot Kanada i Kitchener, Ontario i natt.<\/p>\n<p>Klockan 01.00, svensk tid, \u00e4r det nedsl\u00e4pp i Kitchener Memorial Auditorium, arenan d\u00e4r bland andra <a href=\"https:\/\/hockeysverige.se\/spelare\/gabriel-landeskog\/\" rel=\"nofollow noopener\" target=\"_blank\">Gabriel Landeskog<\/a> spelade juniorhockey i OHL med Kitchener Rangers innan han blev NHL-spelare i Colorado Avalanche. Arenan tar drygt 7 000 \u00e5sk\u00e5dare och enligt f\u00f6rhandsrapporterna ska det bli uts\u00e5lt.<\/p>\n<p>Samma sak g\u00e4ller returm\u00f6tet i London Knights hemmaarena Canada Life Place natten mot s\u00f6ndag. Den arenan tar \u00f6ver 10 000 \u00e5sk\u00e5dare.<\/p>\n<p>Matcherna mellan Kanada och Sverige s\u00e4nds av TSN i Kanada, men ingen svensk kanal visar dem.<\/p>\n<p>Sverige spelar slutligen en tredje och sista tr\u00e4ningsmatch mot Schweiz i Rochester, Minnesota natten mot julafton. Den har starttiden 02.00 svensk tid.<\/p>\n<p>Sveriges tr\u00e4ningsmatcher inf\u00f6r JVM 2026<\/p>\n<ul class=\"wp-block-list\">\n<li>18 december mot Kanada: 01:00 svensk tid (Kitchener, Ontario)<\/li>\n<li>21 december mot Kanada: 01:00 svensk tid (London, Ontario)<\/li>\n<li>24 december mot Schweiz: 02:00 svensk tid (Rochester, Minnesota)<\/li>\n<\/ul>\n<p>Sveriges gruppspelsmatcher i JVM 2026<\/p>\n<ul class=\"wp-block-list\">\n<li>26 december mot Slovakien: 19:00 svensk tid<\/li>\n<li>28 december mot Schweiz: 20:00 svensk tid<\/li>\n<li>29 december mot Tyskland: 19:00 svensk tid<\/li>\n<li>1 januari mot USA: 00:00 svensk tid<\/li>\n<\/ul>\n<p>Sveriges trupp till JVM 2026<\/p>\n<p>M\u00e5lvakter<\/p>\n<p>Backar<\/p>\n<p>Forwards<\/p>\n","protected":false},"excerpt":{"rendered":"I natt b\u00f6rjar nedr\u00e4kningen inf\u00f6r Junior-VM 2026 p\u00e5 allvar. D\u00e5 spelar Sverige den f\u00f6rsta av tv\u00e5 tr\u00e4ningsmatcher mot&hellip;\n","protected":false},"author":2,"featured_media":109712,"comment_status":"","ping_status":"","sticky":false,"template":"","format":"standard","meta":{"footnotes":""},"categories":[68],"tags":[34,133,111,110,31,33,32,30,355],"class_list":{"0":"post-109711","1":"post","2":"type-post","3":"status-publish","4":"format-standard","5":"has-post-thumbnail","7":"category-sport","8":"tag-se","9":"tag-second-news","10":"tag-sport","11":"tag-sports","12":"tag-svenska","13":"tag-sverige","14":"tag-sweden","15":"tag-swedish","16":"tag-talang"},"share_on_mastodon":{"url":"https:\/\/pubeurope.com\/@se\/115739732628020676","error":""},"_links":{"self":[{"href":"https:\/\/www.europesays.com\/se\/wp-json\/wp\/v2\/posts\/109711","targetHints":{"allow":["GET"]}}],"collection":[{"href":"https:\/\/www.europesays.com\/se\/wp-json\/wp\/v2\/posts"}],"about":[{"href":"https:\/\/www.europesays.com\/se\/wp-json\/wp\/v2\/types\/post"}],"author":[{"embeddable":true,"href":"https:\/\/www.europesays.com\/se\/wp-json\/wp\/v2\/users\/2"}],"replies":[{"embeddable":true,"href":"https:\/\/www.europesays.com\/se\/wp-json\/wp\/v2\/comments?post=109711"}],"version-history":[{"count":0,"href":"https:\/\/www.europesays.com\/se\/wp-json\/wp\/v2\/posts\/109711\/revisions"}],"wp:featuredmedia":[{"embeddable":true,"href":"https:\/\/www.europesays.com\/se\/wp-json\/wp\/v2\/media\/109712"}],"wp:attachment":[{"href":"https:\/\/www.europesays.com\/se\/wp-json\/wp\/v2\/media?parent=109711"}],"wp:term":[{"taxonomy":"category","embeddable":true,"href":"https:\/\/www.europesays.com\/se\/wp-json\/wp\/v2\/categories?post=109711"},{"taxonomy":"post_tag","embeddable":true,"href":"https:\/\/www.europesays.com\/se\/wp-json\/wp\/v2\/tags?post=109711"}],"curies":[{"name":"wp","href":"https:\/\/api.w.org\/{rel}","templated":true}]}}