{"id":109755,"date":"2025-12-18T09:30:16","date_gmt":"2025-12-18T09:30:16","guid":{"rendered":"https:\/\/www.europesays.com\/se\/109755\/"},"modified":"2025-12-18T09:30:16","modified_gmt":"2025-12-18T09:30:16","slug":"belgien-kraver-garantier-for-frysta-ryska-tillgangar-infor-eu-mote","status":"publish","type":"post","link":"https:\/\/www.europesays.com\/se\/109755\/","title":{"rendered":"Belgien kr\u00e4ver garantier f\u00f6r frysta ryska tillg\u00e5ngar inf\u00f6r EU-m\u00f6te"},"content":{"rendered":"<p>Trots att det bara \u00e4r timmar kvar innan EU:s stats- och regeringschefer p\u00e5 torsdagen s\u00e4tter sig vid toppm\u00f6tesbordet i Bryssel s\u00e5 \u00e4r \u00f6verenskommelsen om pengar till Ukrainast\u00f6d inte klar. F\u00f6rhandlingarna har p\u00e5g\u00e5tt i m\u00e5nader och parterna har n\u00e4rmat sig varandra. <\/p>\n<p>Men det finns \u00e4nnu ingen \u00f6verenskommelse som Belgien kan acceptera. Belgien \u00e4r det land som, rent fysiskt, hyser merparten av de frysta ryska tillg\u00e5ngarna \u2013 en del av den ryska valutareserven.<\/p>\n<p>Belgien vill ha garantier<\/p>\n<p>F\u00f6r Belgiens del handlar det om att de andra EU-l\u00e4nderna ska ge omfattande finansiella och juridiska garantier som skyddar b\u00e5de Belgien och banken Euroclear, som f\u00f6rvarar pengarna, fr\u00e5n ryska krav om \u00e5terbetalning. D\u00e4rf\u00f6r vill Belgien ha obegr\u00e4nsade \u2013 och bindande, skriftliga \u2013 garantier f\u00f6r att de andra EU-l\u00e4nderna tar sin del av \u00e5terbetalningssumman om det skulle ske.<\/p>\n<p>Det har de andra EU- l\u00e4nderna har sv\u00e5rt att sv\u00e4lja. <\/p>\n<p>Sverige lovar 80 miljarder<\/p>\n<p>Sverige och en majoritet av EU-l\u00e4nderna tycker att Belgien har f\u00e5tt en r\u00e4ttvis \u00f6verenskommelse. Fr\u00e5n svenskt h\u00e5ll lovar man att garantera sin del, vilket \u00e4r omkring 80 miljarder svenska kronor, utr\u00e4knat efter en algoritm baserat p\u00e5 v\u00e5r BNP och folkm\u00e4ngd. <\/p>\n<p>Ingen plan B<\/p>\n<p>Det finns inte heller n\u00e5gon realistisk plan B, eftersom alla andra f\u00f6rslag till finansiering f\u00f6r Ukrainahj\u00e4lpen bygger p\u00e5 att EU-budgeten anv\u00e4nds som s\u00e4kerhet f\u00f6r l\u00e5n. Och f\u00f6r att det ska g\u00e5 igenom m\u00e5ste alla EU:s 27 l\u00e4nder vara med p\u00e5 det, utan undantag. <\/p>\n<p>Det hotar Viktor Orb\u00e1n och Ungern, som s\u00e5 ofta, att l\u00e4gga in sitt veto mot. Lyckas inte EU-ledarna under kommande dagar att hitta ett s\u00e4tt att f\u00e5 iv\u00e4g kris- och vapenhj\u00e4lp till Ukraina \u2013 och det fort \u2013 \u00e4r krisen total. <\/p>\n","protected":false},"excerpt":{"rendered":"Trots att det bara \u00e4r timmar kvar innan EU:s stats- och regeringschefer p\u00e5 torsdagen s\u00e4tter sig vid toppm\u00f6tesbordet&hellip;\n","protected":false},"author":2,"featured_media":109756,"comment_status":"","ping_status":"","sticky":false,"template":"","format":"standard","meta":{"footnotes":""},"categories":[14],"tags":[22,23,26,27,17,21,24,25,28,29,15,16,18,34,31,33,32,30,19,20,51,52,53,54],"class_list":{"0":"post-109755","1":"post","2":"type-post","3":"status-publish","4":"format-standard","5":"has-post-thumbnail","7":"category-varlden","8":"tag-breaking-news","9":"tag-breakingnews","10":"tag-featured-news","11":"tag-featurednews","12":"tag-headlines","13":"tag-huvudnyheter","14":"tag-latest-news","15":"tag-latestnews","16":"tag-main-news","17":"tag-mainnews","18":"tag-news","19":"tag-nyheter","20":"tag-rubriker","21":"tag-se","22":"tag-svenska","23":"tag-sverige","24":"tag-sweden","25":"tag-swedish","26":"tag-top-stories","27":"tag-topstories","28":"tag-varlden","29":"tag-world","30":"tag-world-news","31":"tag-worldnews"},"share_on_mastodon":{"url":"https:\/\/pubeurope.com\/@se\/115739874056402080","error":""},"_links":{"self":[{"href":"https:\/\/www.europesays.com\/se\/wp-json\/wp\/v2\/posts\/109755","targetHints":{"allow":["GET"]}}],"collection":[{"href":"https:\/\/www.europesays.com\/se\/wp-json\/wp\/v2\/posts"}],"about":[{"href":"https:\/\/www.europesays.com\/se\/wp-json\/wp\/v2\/types\/post"}],"author":[{"embeddable":true,"href":"https:\/\/www.europesays.com\/se\/wp-json\/wp\/v2\/users\/2"}],"replies":[{"embeddable":true,"href":"https:\/\/www.europesays.com\/se\/wp-json\/wp\/v2\/comments?post=109755"}],"version-history":[{"count":0,"href":"https:\/\/www.europesays.com\/se\/wp-json\/wp\/v2\/posts\/109755\/revisions"}],"wp:featuredmedia":[{"embeddable":true,"href":"https:\/\/www.europesays.com\/se\/wp-json\/wp\/v2\/media\/109756"}],"wp:attachment":[{"href":"https:\/\/www.europesays.com\/se\/wp-json\/wp\/v2\/media?parent=109755"}],"wp:term":[{"taxonomy":"category","embeddable":true,"href":"https:\/\/www.europesays.com\/se\/wp-json\/wp\/v2\/categories?post=109755"},{"taxonomy":"post_tag","embeddable":true,"href":"https:\/\/www.europesays.com\/se\/wp-json\/wp\/v2\/tags?post=109755"}],"curies":[{"name":"wp","href":"https:\/\/api.w.org\/{rel}","templated":true}]}}