{"id":109767,"date":"2025-12-18T09:38:28","date_gmt":"2025-12-18T09:38:28","guid":{"rendered":"https:\/\/www.europesays.com\/se\/109767\/"},"modified":"2025-12-18T09:38:28","modified_gmt":"2025-12-18T09:38:28","slug":"tapp-for-m-lagsta-siffran-pa-mer-an-fem-ar","status":"publish","type":"post","link":"https:\/\/www.europesays.com\/se\/109767\/","title":{"rendered":"Tapp f\u00f6r M \u2013 l\u00e4gsta siffran p\u00e5 mer \u00e4n fem \u00e5r"},"content":{"rendered":"<p><a data-test-tag=\"internal-link\" href=\"https:\/\/www.aftonbladet.se\/av\/jonathan-jeppsson\" class=\"hyperion-css-13ns1rr\" rel=\"nofollow noopener\" target=\"\" aria-label=\"Se alla artiklar av Jonathan Jeppsson\"><img decoding=\"async\" class=\"image-asset hyperion-css-n6kkq1\" data-test-tag=\"image-asset\" src=\"https:\/\/www.europesays.com\/se\/wp-content\/uploads\/2025\/12\/63925493-b89a-4b2f-ba9f-c20453bb94b3\"  alt=\"\"  loading=\"lazy\" fetchpriority=\"auto\" style=\"aspect-ratio:1900 \/ 1900\"\/><\/a><\/p>\n<p class=\"boxtextgrotesk-root_baa6 hyperion-css-7pajle\">Uppdaterad 08.45 | Publicerad 06.28<\/p>\n<p>share-arrowDela<\/p>\n<p>unsaveSpara<\/p>\n<p>expand-left<\/p>\n<p>helsk\u00e4rm<img decoding=\"async\" class=\"image-asset hyperion-css-u06ts1\" data-test-tag=\"image-asset\" src=\"https:\/\/www.europesays.com\/se\/wp-content\/uploads\/2025\/12\/bc30adb6-f28e-430a-9120-18022fe27b84\"  alt=\"Tid\u00f6partierna samlades i Str\u00e4ngn\u00e4s tidigare i december. Men nu kommer en ny smocka n\u00e4r b\u00e5de Moderaterna och Liberalerna backar i nya Demoskop-m\u00e4tningen. \"  loading=\"eager\" fetchpriority=\"high\" style=\"aspect-ratio:1900 \/ 1267\"\/>Tid\u00f6partierna samlades i Str\u00e4ngn\u00e4s tidigare i december. Men nu kommer en ny smocka n\u00e4r b\u00e5de Moderaterna och Liberalerna backar i nya Demoskop-m\u00e4tningen. Foto: Bj\u00f6rn Lindahl <\/p>\n<p class=\"hyperion-css-1shl3oz\" data-test-tag=\"lead-text\">Moderaterna tappar till under 17 procent \u2013 och Liberalerna n\u00e5r en tangerad bottensiffra. <\/p>\n<p class=\"hyperion-css-1shl3oz\" data-test-tag=\"lead-text\">F\u00f6r delar av Tid\u00f6-g\u00e4nget \u00e4r december m\u00e5nads Demoskop-m\u00e4tning tuff l\u00e4sning. <\/p>\n<p class=\"hyperion-css-1shl3oz\" data-test-tag=\"lead-text\">\u2013 Moderaterna f\u00e5r sitt l\u00e4gsta v\u00e4ljarst\u00f6d p\u00e5 \u00f6ver fem \u00e5r, s\u00e4ger Johan Martinsson, Demoskops opinionschef.<\/p>\n<ul class=\"hyperion-css-e9gx76\" data-test-tag=\"list\">\n<li class=\"hyperion-css-1d843yr\">Moderaterna har i Demoskops decemberm\u00e4tning tappat till sitt l\u00e4gsta v\u00e4ljarst\u00f6d p\u00e5 drygt fem \u00e5r, med 16,8 procent.<\/li>\n<li class=\"hyperion-css-1d843yr\">Liberalerna n\u00e5r en bottennotering med endast tv\u00e5 procent av v\u00e4ljarst\u00f6det, vilket kan \u00e4ventyra partiets riksdagsplats.<\/li>\n<li class=\"hyperion-css-1d843yr\">Socialdemokraterna p\u00e5verkas inte n\u00e4mnv\u00e4rt av kritiken mot AiP Media och st\u00e5r kvar p\u00e5 dryga 33 procents st\u00f6d.<\/li>\n<\/ul>\n<p>L\u00e4s mer<\/p>\n<p class=\"hyperion-css-1v9qo5x\"><a data-test-tag=\"internal-link\" href=\"https:\/\/www.aftonbladet.se\/tagg\/moderaterna\" class=\"hyperion-css-15jkft9\" rel=\"nofollow noopener\" target=\"\" aria-label=\"Moderaterna\">Moderaterna<\/a> backar 1,4 procentenheter i <a data-test-tag=\"internal-link\" href=\"https:\/\/www.aftonbladet.se\/tagg\/demoskop\" class=\"hyperion-css-15jkft9\" rel=\"nofollow noopener\" target=\"\" aria-label=\"Demoskops\">Demoskops<\/a> decemberm\u00e4tning. <\/p>\n<p class=\"hyperion-css-1v9qo5x\">Det \u00e4r den st\u00f6rsta f\u00f6r\u00e4ndringen j\u00e4mf\u00f6rt med f\u00f6reg\u00e5ende m\u00e5nads v\u00e4ljarbarometer. Med 16,8 procents st\u00f6d av v\u00e4ljarna n\u00e5r Moderaterna d\u00e4rmed sitt l\u00e4gsta v\u00e4ljarst\u00f6d p\u00e5 drygt fem \u00e5r, sedan i maj 2019.<\/p>\n<p class=\"hyperion-css-1v9qo5x\">Vad som ligger bakom nerg\u00e5ngen \u00e4r inte helt uppenbart, enligt Demoskops opinionschef Johan Martinsson. <\/p>\n<p class=\"hyperion-css-1v9qo5x\">\u2013 En t\u00e4nkbar f\u00f6rklaring \u00e4r m\u00f6jligen att v\u00e4ljarnas syn p\u00e5 exempelvis utvecklingen inom syssels\u00e4ttningen inte \u00e4r s\u00e5 positiv, den typen av resultat kan spilla \u00f6ver p\u00e5 regeringar om de inte har ett tydligt \u00e4garskap \u00f6ver fr\u00e5gorna. Och just nu har S \u00e5ter tagit ledningen i syssels\u00e4ttningsfr\u00e5gan, s\u00e4ger han. <\/p>\n<p>Liberalerna f\u00e5r tv\u00e5 procent<\/p>\n<p class=\"hyperion-css-1v9qo5x\">R\u00f6relserna f\u00f6r SD och KD \u00e4r bara marginella. D\u00e4remot backar <a data-test-tag=\"internal-link\" href=\"https:\/\/www.aftonbladet.se\/tagg\/liberalerna\" class=\"hyperion-css-15jkft9\" rel=\"nofollow noopener\" target=\"\" aria-label=\"Liberalerna\">Liberalerna<\/a> 0,4 procentenheter och st\u00f6ds nu bara av av tv\u00e5 procent av v\u00e4ljark\u00e5ren. <\/p>\n<p class=\"hyperion-css-1v9qo5x\">Det \u00e4r den tangerat s\u00e4msta siffran f\u00f6r partiet sedan m\u00e4tningarna inleddes. Johan Martinsson tror att det \u00e4r det mest akuta problemet f\u00f6r Tid\u00f6-partierna och deras m\u00f6jligheter att forts\u00e4tta regera. <\/p>\n<p class=\"hyperion-css-1v9qo5x\">\u2013 Det ser sv\u00e5rt ut f\u00f6r Liberalerna att komma in i riksdagen igen. <\/p>\n<p class=\"hyperion-css-1v9qo5x\">Historiskt f\u00e5r man g\u00e5 tillbaka till mitten av 1990-talet f\u00f6r att hitta exempel p\u00e5 partier som lyckats v\u00e4nda ett hoppl\u00f6st opinionsl\u00e4ge till en klarad riksdagssp\u00e4rr. <\/p>\n<p class=\"hyperion-css-1v9qo5x\">\u2013 Det har funnits exempel, men det \u00e4r l\u00e4nge sen. F\u00f6re valet 1994 l\u00e5g Milj\u00f6partiet under tv\u00e5 procent, faktiskt p\u00e5 1,8 hos Demoskop, och kom \u00e4nd\u00e5 in. Kristdemokraterna l\u00e5g ocks\u00e5 under tv\u00e5 procent 1995, och gjorde sen ett kanonval 1998, s\u00e4ger Johan Martinsson. <\/p>\n<p>expand-left<\/p>\n<p>helsk\u00e4rm<img decoding=\"async\" class=\"image-asset hyperion-css-u06ts1\" data-test-tag=\"image-asset\" src=\"https:\/\/www.europesays.com\/se\/wp-content\/uploads\/2025\/12\/7b71b176-2cb1-42a2-aed0-0e1ab6d3b616\"  alt=\"Magdalena Anderssons S har fortfarande starkt st\u00f6d.\"  loading=\"eager\" fetchpriority=\"high\" style=\"aspect-ratio:1900 \/ 1267\"\/>Magdalena Anderssons S har fortfarande starkt st\u00f6d. Foto: Magnus WennmanInget avtryck av S-kritiken<\/p>\n<p class=\"hyperion-css-1v9qo5x\">D\u00e4remot tycks inte <a data-test-tag=\"internal-link\" href=\"https:\/\/www.aftonbladet.se\/tagg\/socialdemokraterna\" class=\"hyperion-css-15jkft9\" rel=\"nofollow noopener\" target=\"\" aria-label=\"Socialdemokraterna\">Socialdemokraterna<\/a> ha p\u00e5verkats av turbulensen kring AiP Media och den kraftiga kritik som riktats mot partiet f\u00f6r otydlig avs\u00e4ndare i konton p\u00e5 sociala medier. Partiet landar p\u00e5 33,6 procent. <\/p>\n<p class=\"hyperion-css-1v9qo5x\">\u2013 Det ganska vanligt att olika former av skandaler inte p\u00e5verkar de egna supportrarna s\u00e4rskilt mycket. En klassisk \u201dsanning\u201d \u00e4r att skandaler i\u00a0st\u00e4llet ofta fr\u00e4mst g\u00f6r motst\u00e5ndarna \u00e4nnu mer negativa, s\u00e4ger Johan Martinsson.<\/p>\n<p class=\"hyperion-css-1v9qo5x\">\u2013 Men sen ska man \u00e4nd\u00e5 inte bortse fr\u00e5n den potentiella effekten att de som \u00e4nnu inte r\u00f6stat p\u00e5 S och som har tvekat kanske kan p\u00e5verkas negativt, men det \u00e4r sv\u00e5rt att bevisa nu.<\/p>\n<p>FAKTAOm unders\u00f6kningen<\/p>\n<p class=\"hyperion-css-jonaf8\">Unders\u00f6kningen \u00e4r gjord av Demoskop p\u00e5 uppdrag av Aftonbladet och Svenska Dagbladet inom ramen f\u00f6r Iniziopanelen som speglar svenska folket. M\u00e5lgruppen \u00e4r allm\u00e4nheten 18 \u201379 \u00e5r. Unders\u00f6kningen omfattar 2 163 intervjuer under perioden 7 till 16 december 2025,\u00a0och \u00e4r genomf\u00f6rd som en webbunders\u00f6kning.<\/p>\n<p>L\u00e4s mer<a href=\"https:\/\/iniziopanelen.se\/registration.php?SES=59f4fa29847508589dc5fa96f229c706&amp;frmnd=home_new\" rel=\"noopener nofollow noreferrer\" class=\"hyperion-css-1pv3til\" target=\"_blank\"><img decoding=\"async\" class=\"image-asset hyperion-css-18kwd8r\" data-test-tag=\"image-asset\" src=\"https:\/\/www.europesays.com\/se\/wp-content\/uploads\/2025\/12\/6b1ca2de-3545-4187-ae94-a4fc6dc00781\"  alt=\"\"  loading=\"lazy\" fetchpriority=\"auto\" style=\"aspect-ratio:1819 \/ 223\"\/><\/a>G\u00e5 med i v\u00e5r opinionspanel<\/p>\n<p class=\"hyperion-css-1v9qo5x\">Vill du vara med och svara p\u00e5 Demoskops unders\u00f6kningar d\u00e4r vi tar reda p\u00e5 vad svenska folket tycker om exempelvis samh\u00e4llsfr\u00e5gor och politik? Resultat presenteras bland annat i Aftonbladet. Det \u00e4r frivilligt att svara, du \u00e4r anonym och kan g\u00e5 ur n\u00e4r du vill. <a aria-label=\"Klicka p\u00e5 l\u00e4nken f\u00f6r att anm\u00e4la dig.\" class=\"default hyperion-css-15jkft9\" href=\"https:\/\/iniziopanelen.se\/registration.php?SES=59f4fa29847508589dc5fa96f229c706&amp;frmnd=home_new\" rel=\"noopener nofollow noreferrer\" data-test-tag=\"external-link\" target=\"_blank\">Klicka p\u00e5 l\u00e4nken f\u00f6r att anm\u00e4la dig.<\/a><\/p>\n","protected":false},"excerpt":{"rendered":"Uppdaterad 08.45 | Publicerad 06.28 share-arrowDela unsaveSpara expand-left helsk\u00e4rmTid\u00f6partierna samlades i Str\u00e4ngn\u00e4s tidigare i december. Men nu kommer&hellip;\n","protected":false},"author":2,"featured_media":109768,"comment_status":"","ping_status":"","sticky":false,"template":"","format":"standard","meta":{"footnotes":""},"categories":[14],"tags":[22,23,26,27,17,21,24,25,28,29,15,16,18,34,31,33,32,30,19,20,51,52,53,54],"class_list":{"0":"post-109767","1":"post","2":"type-post","3":"status-publish","4":"format-standard","5":"has-post-thumbnail","7":"category-varlden","8":"tag-breaking-news","9":"tag-breakingnews","10":"tag-featured-news","11":"tag-featurednews","12":"tag-headlines","13":"tag-huvudnyheter","14":"tag-latest-news","15":"tag-latestnews","16":"tag-main-news","17":"tag-mainnews","18":"tag-news","19":"tag-nyheter","20":"tag-rubriker","21":"tag-se","22":"tag-svenska","23":"tag-sverige","24":"tag-sweden","25":"tag-swedish","26":"tag-top-stories","27":"tag-topstories","28":"tag-varlden","29":"tag-world","30":"tag-world-news","31":"tag-worldnews"},"share_on_mastodon":{"url":"https:\/\/pubeurope.com\/@se\/115739905693219553","error":""},"_links":{"self":[{"href":"https:\/\/www.europesays.com\/se\/wp-json\/wp\/v2\/posts\/109767","targetHints":{"allow":["GET"]}}],"collection":[{"href":"https:\/\/www.europesays.com\/se\/wp-json\/wp\/v2\/posts"}],"about":[{"href":"https:\/\/www.europesays.com\/se\/wp-json\/wp\/v2\/types\/post"}],"author":[{"embeddable":true,"href":"https:\/\/www.europesays.com\/se\/wp-json\/wp\/v2\/users\/2"}],"replies":[{"embeddable":true,"href":"https:\/\/www.europesays.com\/se\/wp-json\/wp\/v2\/comments?post=109767"}],"version-history":[{"count":0,"href":"https:\/\/www.europesays.com\/se\/wp-json\/wp\/v2\/posts\/109767\/revisions"}],"wp:featuredmedia":[{"embeddable":true,"href":"https:\/\/www.europesays.com\/se\/wp-json\/wp\/v2\/media\/109768"}],"wp:attachment":[{"href":"https:\/\/www.europesays.com\/se\/wp-json\/wp\/v2\/media?parent=109767"}],"wp:term":[{"taxonomy":"category","embeddable":true,"href":"https:\/\/www.europesays.com\/se\/wp-json\/wp\/v2\/categories?post=109767"},{"taxonomy":"post_tag","embeddable":true,"href":"https:\/\/www.europesays.com\/se\/wp-json\/wp\/v2\/tags?post=109767"}],"curies":[{"name":"wp","href":"https:\/\/api.w.org\/{rel}","templated":true}]}}