{"id":109776,"date":"2025-12-18T09:43:47","date_gmt":"2025-12-18T09:43:47","guid":{"rendered":"https:\/\/www.europesays.com\/se\/109776\/"},"modified":"2025-12-18T09:43:47","modified_gmt":"2025-12-18T09:43:47","slug":"rian-johnson-om-knives-out-4-jag-har-nagra-losa-ideer","status":"publish","type":"post","link":"https:\/\/www.europesays.com\/se\/109776\/","title":{"rendered":"Rian Johnson om &#8221;Knives Out 4&#8221;: &#8221;Jag har n\u00e5gra l\u00f6sa id\u00e9er&#8221;"},"content":{"rendered":"<p>\u201dWake up Dead Man: A Knives Out Mystery\u201d har precis sl\u00e4ppts hos Netflix, till goda recensioner. H\u00e4r p\u00e5 Moviezine fick den <a href=\"https:\/\/www.moviezine.se\/recensioner\/makabert-whodunnit-fortsatter-underhalla-pa-hog-niva\" rel=\"nofollow noopener\" target=\"_blank\">betyg 4\/5<\/a>. \u201dFortsatt underh\u00e5llning p\u00e5 h\u00f6g niv\u00e5\u201d, skrev Annika Andersson.<\/p>\n<p>Kan vi v\u00e4nta oss n\u00e5gra fler nedslag i <strong>Rian Johnsons<\/strong> Agatha Christie-doftande epos? Inte helt om\u00f6jligt. <a href=\"https:\/\/ew.com\/knives-out-4-director-rian-johnson-shares-update-next-mystery-11868516\" rel=\"nofollow noopener\" target=\"_blank\">Entertainment Weekly<\/a> intervjuade nyligen regiss\u00f6ren, som ber\u00e4ttar f\u00f6ljande:<\/p>\n<p>\u2013 Jag har n\u00e5gra l\u00f6sa id\u00e9er och koncept f\u00f6r n\u00e4sta film, id\u00e9er jag skulle tycka var kul att utforska. Inget konkret, inget tema, ingen plats eller n\u00e5got s\u00e5dant. Jag tycker det k\u00e4nns b\u00e4st att h\u00e5lla det hela vagt innan jag faktiskt s\u00e4tter mig ner och b\u00f6rjar jobba med manuset.<\/p>\n<p>\u2013 I de h\u00e4r filmerna vill jag ha n\u00e5got att s\u00e4ga om v\u00e5r samtid, inte n\u00f6dv\u00e4ndigtvis politiskt, men utifr\u00e5n vad vi k\u00e4nner och vad som h\u00e4nder i omv\u00e4rlden, ber\u00e4ttar Rian Johnson.<\/p>\n<p>N\u00e4st ut f\u00f6r den prestigefyllda regiss\u00f6ren \u00e4r en <a href=\"https:\/\/www.moviezine.se\/nyheter\/rian-johnson-atervander-till-sci-fi-genren-planerar-thriller-i-retro-stil\" rel=\"nofollow noopener\" target=\"_blank\">sci-fi-thriller i 70-talsstil<\/a>.<\/p>\n<p>L\u00e4s ocks\u00e5: <a href=\"https:\/\/www.moviezine.se\/nyheter\/emmyvinnaren-the-pitt-fyller-pa-med-nya-karaktarer-i-sasong-2\" title=\"Emmyvinnaren \u201dThe Pitt\u201d fyller p\u00e5 med nya karakt\u00e4rer i s\u00e4song 2\" class=\"underline-custom !font-montserrat !font-bold !underline-offset-4 !decoration-4 !decoration-moviezine-green !text-md\" rel=\"nofollow noopener\" target=\"_blank\">Emmyvinnaren \u201dThe Pitt\u201d fyller p\u00e5 med nya karakt\u00e4rer i s\u00e4song 2<\/a><\/p>\n<p>L\u00e4s ocks\u00e5: <a href=\"https:\/\/www.moviezine.se\/nyheter\/10-ar-sedan-the-force-awakens-har-ar-historien-bakom-storfilmen\" title=\"10 \u00e5r sedan \u201dThe Force Awakens\u201d \u2013 h\u00e4r \u00e4r historien bakom storfilmen\" class=\"underline-custom !font-montserrat !font-bold !underline-offset-4 !decoration-4 !decoration-moviezine-green !text-md\" rel=\"nofollow noopener\" target=\"_blank\">10 \u00e5r sedan \u201dThe Force Awakens\u201d \u2013 h\u00e4r \u00e4r historien bakom storfilmen<\/a><\/p>\n","protected":false},"excerpt":{"rendered":"\u201dWake up Dead Man: A Knives Out Mystery\u201d har precis sl\u00e4ppts hos Netflix, till goda recensioner. H\u00e4r p\u00e5&hellip;\n","protected":false},"author":2,"featured_media":109777,"comment_status":"","ping_status":"","sticky":false,"template":"","format":"standard","meta":{"footnotes":""},"categories":[67],"tags":[104,2399,34,31,33,32,30,105],"class_list":{"0":"post-109776","1":"post","2":"type-post","3":"status-publish","4":"format-standard","5":"has-post-thumbnail","7":"category-underhallning","8":"tag-entertainment","9":"tag-netflix","10":"tag-se","11":"tag-svenska","12":"tag-sverige","13":"tag-sweden","14":"tag-swedish","15":"tag-underhallning"},"share_on_mastodon":{"url":"https:\/\/pubeurope.com\/@se\/115739928984910634","error":""},"_links":{"self":[{"href":"https:\/\/www.europesays.com\/se\/wp-json\/wp\/v2\/posts\/109776","targetHints":{"allow":["GET"]}}],"collection":[{"href":"https:\/\/www.europesays.com\/se\/wp-json\/wp\/v2\/posts"}],"about":[{"href":"https:\/\/www.europesays.com\/se\/wp-json\/wp\/v2\/types\/post"}],"author":[{"embeddable":true,"href":"https:\/\/www.europesays.com\/se\/wp-json\/wp\/v2\/users\/2"}],"replies":[{"embeddable":true,"href":"https:\/\/www.europesays.com\/se\/wp-json\/wp\/v2\/comments?post=109776"}],"version-history":[{"count":0,"href":"https:\/\/www.europesays.com\/se\/wp-json\/wp\/v2\/posts\/109776\/revisions"}],"wp:featuredmedia":[{"embeddable":true,"href":"https:\/\/www.europesays.com\/se\/wp-json\/wp\/v2\/media\/109777"}],"wp:attachment":[{"href":"https:\/\/www.europesays.com\/se\/wp-json\/wp\/v2\/media?parent=109776"}],"wp:term":[{"taxonomy":"category","embeddable":true,"href":"https:\/\/www.europesays.com\/se\/wp-json\/wp\/v2\/categories?post=109776"},{"taxonomy":"post_tag","embeddable":true,"href":"https:\/\/www.europesays.com\/se\/wp-json\/wp\/v2\/tags?post=109776"}],"curies":[{"name":"wp","href":"https:\/\/api.w.org\/{rel}","templated":true}]}}