{"id":109789,"date":"2025-12-18T09:54:14","date_gmt":"2025-12-18T09:54:14","guid":{"rendered":"https:\/\/www.europesays.com\/se\/109789\/"},"modified":"2025-12-18T09:54:14","modified_gmt":"2025-12-18T09:54:14","slug":"expressen-direkt-senaste-nytt-i-korthet-expressen","status":"publish","type":"post","link":"https:\/\/www.europesays.com\/se\/109789\/","title":{"rendered":"Expressen Direkt \u2013 senaste nytt i korthet &#8211; Expressen"},"content":{"rendered":"<ol>\n<li><a href=\"https:\/\/news.google.com\/rss\/articles\/CBMilwFBVV95cUxOMndPaVE3MEZrcmhiUXZfRWxfd1h4emZBcEFCSVg3X296SldIQUVoQm15RGdtZl9uWGl5MnNBbHF1Tl92QzRIUGx6U0g0TDdIdDNXZ1RmLV92REhpVFlnMGFSTFVrUmo4Rnhlcm43c2Z5TGRGR3Z5eXQ5enpRbks1a3NtM0l4ajUteVduZmNDUzRRdmdwalZj?oc=5\" target=\"_blank\" rel=\"nofollow noopener\">Expressen Direkt \u2013 senaste nytt i korthet<\/a>&nbsp;&nbsp;Expressen<\/li>\n<li><a href=\"https:\/\/news.google.com\/rss\/articles\/CBMigAFBVV95cUxNZEc3R2pWMC00dmFDaXg5M3VENkZDQWtTYkdKdG5qZjlaMlRicEZYcUVRQmhQNzFpaWRzaDdqN29JVGpwTFF6MWV5bkQxdkp3cmVMc0tWRVZzclR0TFVaQkJkYUxkSXpKbUVYOU1TQXBxaGlNRVhRaDJKencwVmFXTw?oc=5\" target=\"_blank\" rel=\"nofollow noopener\">Ryska soldater tog sig \u00f6ver gr\u00e4nsen till Estland<\/a>&nbsp;&nbsp;DI<\/li>\n<li><a href=\"https:\/\/news.google.com\/rss\/articles\/CBMiigFBVV95cUxNXzNYbjNuQWZ3Yl9NU3ZzOG9BQ1J1bHkyS2FSRW5TQnpLWVdFLU9NcUQ3bHdySGR6RTU2X0tMQ29OUFE4WmNQdnlSZU1Kd3lBelpLWHJhb0UzQVFkbWttZDF4Y3h3cmVicWE5cFpDd19pb3pqWGhfdlRSWmhWc2M4RFhUM0d3U2NlLUE?oc=5\" target=\"_blank\" rel=\"nofollow noopener\">Efter gr\u00e4nsintr\u00e5nget \u2013 kallar upp rysk diplomat<\/a>&nbsp;&nbsp;Aftonbladet<\/li>\n<li><a href=\"https:\/\/news.google.com\/rss\/articles\/CBMihAFBVV95cUxNX1RIc0pnVE00Q0d5Q3YwRzRXOG84NzVhRFRqWnhyVElDYlJ1cEkwZE44ZU9VSzgyRHRWSW5KNFV1STlIc2FFMWNUTXAwc3hGNnQ0b1lqcEo1b055OUg2bFF3QlAwUFlmc0NoaXdaRGhnenpIcmxYeVQ0NkdKeUdRU1cyTFY?oc=5\" target=\"_blank\" rel=\"nofollow noopener\">TV: H\u00e4r kliver ryska patrullen in i Estland \u2013 motivet oklart<\/a>&nbsp;&nbsp;Hufvudstadsbladet<\/li>\n<li><a href=\"https:\/\/news.google.com\/rss\/articles\/CBMijwFBVV95cUxNR3RjcTN3Nzh5Zm5IaUZCajBFN1lIWnBYbTF3RWFlS1FSaGw2MFRjTHdQdDEzWFV1aHhYbTdLTEpmRkl0aXhDZHJxcVV0R19JNGdyTDFuTkhxbHl5TENJSGNzWVM0OVFtcnFZblNUSGRtS080MGMzRlVNaUtwamtnRmE4VWlTc2kwQk5VUzFhWQ?oc=5\" target=\"_blank\" rel=\"nofollow noopener\">Ryska gr\u00e4nsvakter gick in i Estland<\/a>&nbsp;&nbsp;TV4 Nyheterna<\/li>\n<\/ol>\n","protected":false},"excerpt":{"rendered":"Expressen Direkt \u2013 senaste nytt i korthet&nbsp;&nbsp;Expressen Ryska soldater tog sig \u00f6ver gr\u00e4nsen till Estland&nbsp;&nbsp;DI Efter gr\u00e4nsintr\u00e5nget \u2013&hellip;\n","protected":false},"author":2,"featured_media":62410,"comment_status":"","ping_status":"","sticky":false,"template":"","format":"standard","meta":{"footnotes":""},"categories":[14],"tags":[22,23,26,27,17,21,24,25,28,29,15,16,18,34,31,33,32,30,19,20,51,52,53,54],"class_list":{"0":"post-109789","1":"post","2":"type-post","3":"status-publish","4":"format-standard","5":"has-post-thumbnail","7":"category-varlden","8":"tag-breaking-news","9":"tag-breakingnews","10":"tag-featured-news","11":"tag-featurednews","12":"tag-headlines","13":"tag-huvudnyheter","14":"tag-latest-news","15":"tag-latestnews","16":"tag-main-news","17":"tag-mainnews","18":"tag-news","19":"tag-nyheter","20":"tag-rubriker","21":"tag-se","22":"tag-svenska","23":"tag-sverige","24":"tag-sweden","25":"tag-swedish","26":"tag-top-stories","27":"tag-topstories","28":"tag-varlden","29":"tag-world","30":"tag-world-news","31":"tag-worldnews"},"share_on_mastodon":{"url":"https:\/\/pubeurope.com\/@se\/115739968448744479","error":""},"_links":{"self":[{"href":"https:\/\/www.europesays.com\/se\/wp-json\/wp\/v2\/posts\/109789","targetHints":{"allow":["GET"]}}],"collection":[{"href":"https:\/\/www.europesays.com\/se\/wp-json\/wp\/v2\/posts"}],"about":[{"href":"https:\/\/www.europesays.com\/se\/wp-json\/wp\/v2\/types\/post"}],"author":[{"embeddable":true,"href":"https:\/\/www.europesays.com\/se\/wp-json\/wp\/v2\/users\/2"}],"replies":[{"embeddable":true,"href":"https:\/\/www.europesays.com\/se\/wp-json\/wp\/v2\/comments?post=109789"}],"version-history":[{"count":0,"href":"https:\/\/www.europesays.com\/se\/wp-json\/wp\/v2\/posts\/109789\/revisions"}],"wp:featuredmedia":[{"embeddable":true,"href":"https:\/\/www.europesays.com\/se\/wp-json\/wp\/v2\/media\/62410"}],"wp:attachment":[{"href":"https:\/\/www.europesays.com\/se\/wp-json\/wp\/v2\/media?parent=109789"}],"wp:term":[{"taxonomy":"category","embeddable":true,"href":"https:\/\/www.europesays.com\/se\/wp-json\/wp\/v2\/categories?post=109789"},{"taxonomy":"post_tag","embeddable":true,"href":"https:\/\/www.europesays.com\/se\/wp-json\/wp\/v2\/tags?post=109789"}],"curies":[{"name":"wp","href":"https:\/\/api.w.org\/{rel}","templated":true}]}}