{"id":109805,"date":"2025-12-18T10:13:09","date_gmt":"2025-12-18T10:13:09","guid":{"rendered":"https:\/\/www.europesays.com\/se\/109805\/"},"modified":"2025-12-18T10:13:09","modified_gmt":"2025-12-18T10:13:09","slug":"nobelstifelsen-polisanmals-av-assange-krigsverktyg","status":"publish","type":"post","link":"https:\/\/www.europesays.com\/se\/109805\/","title":{"rendered":"Nobelstifelsen polisanm\u00e4ls av Assange: \u201dKrigsverktyg\u201d"},"content":{"rendered":"<p>Av Oscar Lundberg<br \/>Publicerad 18 december, 07:32. Uppdaterad 18 december, 07:39<\/p>\n<p>Wikileaksgrundaren och visselbl\u00e5saren Julian Assange har polisanm\u00e4lt 30 personer ur Nobelstiftelsen, bland annat dess ledning, efter beslutet att ge fredspriset till Mar\u00eda Corina Machado, skriver Wikileaks p\u00e5 X.<\/p>\n<p>Han s\u00e4ger att de \u00e4r \u201dett verktyg f\u00f6r krig\u201d och anklagar dem f\u00f6r flera allvarliga brott. Han vill att de utreds f\u00f6r \u201dgrov f\u00f6rskingring, medhj\u00e4lp till krigsf\u00f6rbrytelser och brott mot m\u00e4nskligheten samt finansiering av brott mot internationell r\u00e4tt\u201d, st\u00e5r det i inl\u00e4gget.<\/p>\n<p>Assange anser att valet av Corina Machado strider mot Alfred Nobels testamente eftersom hon st\u00f6djer Trumps insatser mot Venezuela \u2013 vilket han s\u00e4ger g\u00e5r emot prisets syfte och utg\u00f6r ekonomisk brottslighet. Anm\u00e4lan har g\u00e5tt till bland annat Ekobrottsmyndigheten, rapporterar TT. <\/p>\n<p>Han ska ha skickat brev till svenska myndigheter \u2013 som han vill ska frysa prispengarna till Mar\u00eda Corina Machado \u2013 trots att det \u00e4r den norska Nobelkommitt\u00e9n som utser fredspristagaren.<\/p>\n<p>Omni \u00e4r politiskt obundna och oberoende. Vi str\u00e4var efter att ge fler perspektiv p\u00e5 nyheterna. Har du fr\u00e5gor eller synpunkter kring v\u00e5r rapportering? <a href=\"https:\/\/omni.se\/nobelstifelsen-polisanmals-av-assange-krigsverktyg\/a\/mailto:redaktion@omni.se\" class=\"ArticleActions_contactLink__W2F1M\" rel=\"nofollow noopener\" target=\"_blank\">Kontakta redaktionen<\/a><\/p>\n","protected":false},"excerpt":{"rendered":"Av Oscar LundbergPublicerad 18 december, 07:32. Uppdaterad 18 december, 07:39 Wikileaksgrundaren och visselbl\u00e5saren Julian Assange har polisanm\u00e4lt 30&hellip;\n","protected":false},"author":2,"featured_media":109806,"comment_status":"","ping_status":"","sticky":false,"template":"","format":"standard","meta":{"footnotes":""},"categories":[5],"tags":[12154,22,23,26,27,17,21,12153,120,24,25,28,29,15,251,430,16,18,34,31,33,32,30,5504,19,20,2545],"class_list":{"0":"post-109805","1":"post","2":"type-post","3":"status-publish","4":"format-standard","5":"has-post-thumbnail","7":"category-rubriker","8":"tag-alfred-nobel","9":"tag-breaking-news","10":"tag-breakingnews","11":"tag-featured-news","12":"tag-featurednews","13":"tag-headlines","14":"tag-huvudnyheter","15":"tag-julian-assange","16":"tag-lag-ratt","17":"tag-latest-news","18":"tag-latestnews","19":"tag-main-news","20":"tag-mainnews","21":"tag-news","22":"tag-nobelstiftelsen","23":"tag-norge","24":"tag-nyheter","25":"tag-rubriker","26":"tag-se","27":"tag-svenska","28":"tag-sverige","29":"tag-sweden","30":"tag-swedish","31":"tag-sydamerika","32":"tag-top-stories","33":"tag-topstories","34":"tag-venezuela"},"share_on_mastodon":{"url":"https:\/\/pubeurope.com\/@se\/115740043089325924","error":""},"_links":{"self":[{"href":"https:\/\/www.europesays.com\/se\/wp-json\/wp\/v2\/posts\/109805","targetHints":{"allow":["GET"]}}],"collection":[{"href":"https:\/\/www.europesays.com\/se\/wp-json\/wp\/v2\/posts"}],"about":[{"href":"https:\/\/www.europesays.com\/se\/wp-json\/wp\/v2\/types\/post"}],"author":[{"embeddable":true,"href":"https:\/\/www.europesays.com\/se\/wp-json\/wp\/v2\/users\/2"}],"replies":[{"embeddable":true,"href":"https:\/\/www.europesays.com\/se\/wp-json\/wp\/v2\/comments?post=109805"}],"version-history":[{"count":0,"href":"https:\/\/www.europesays.com\/se\/wp-json\/wp\/v2\/posts\/109805\/revisions"}],"wp:featuredmedia":[{"embeddable":true,"href":"https:\/\/www.europesays.com\/se\/wp-json\/wp\/v2\/media\/109806"}],"wp:attachment":[{"href":"https:\/\/www.europesays.com\/se\/wp-json\/wp\/v2\/media?parent=109805"}],"wp:term":[{"taxonomy":"category","embeddable":true,"href":"https:\/\/www.europesays.com\/se\/wp-json\/wp\/v2\/categories?post=109805"},{"taxonomy":"post_tag","embeddable":true,"href":"https:\/\/www.europesays.com\/se\/wp-json\/wp\/v2\/tags?post=109805"}],"curies":[{"name":"wp","href":"https:\/\/api.w.org\/{rel}","templated":true}]}}