{"id":109817,"date":"2025-12-18T10:23:18","date_gmt":"2025-12-18T10:23:18","guid":{"rendered":"https:\/\/www.europesays.com\/se\/109817\/"},"modified":"2025-12-18T10:23:18","modified_gmt":"2025-12-18T10:23:18","slug":"forlust-for-juniorkronorna-mot-kanada","status":"publish","type":"post","link":"https:\/\/www.europesays.com\/se\/109817\/","title":{"rendered":"F\u00f6rlust f\u00f6r Juniorkronorna mot Kanada"},"content":{"rendered":"<p><strong>Det blev en j\u00e4mn f\u00f6rsta tr\u00e4ningsmatch f\u00f6r Sverige mot Kanada. I den tredje perioden avgjorde d\u00e4remot Brady Martin och Juniorkronorna f\u00f6rlorade med 2-1 i den f\u00f6rsta tr\u00e4ningsmatchen inf\u00f6r junior-VM.<\/strong><\/p>\n<p><img loading=\"lazy\" decoding=\"async\" width=\"1024\" height=\"658\" src=\"https:\/\/www.europesays.com\/se\/wp-content\/uploads\/2025\/12\/Viggo-Bjorck-1024x658.webp.webp\" alt=\"\" class=\"wp-image-337661\"  \/>Viggo Bj\u00f6rck blev ensam svensk m\u00e5lskytt mot Kanada.<br \/>Foto: Steven Ellis\/The Nation Network.<\/p>\n<p><strong>JVM 2026:<\/strong>\u00a0<a href=\"https:\/\/hockeysverige.se\/junior-vm\/jvm-spelschema\/\" target=\"_blank\" rel=\"noreferrer noopener nofollow\">Spelschema<\/a>\u00a0|\u00a0<a href=\"https:\/\/hockeysverige.se\/junior-vm\/junior-vm-i-ishockey-2026-pa-tv\/\" target=\"_blank\" rel=\"noreferrer noopener nofollow\">TV-tider<\/a>\u00a0|\u00a0<a href=\"https:\/\/hockeysverige.se\/junior-vm\/jvm-tabell\/\" target=\"_blank\" rel=\"noreferrer noopener nofollow\">Grupper &amp; tabell<\/a>\u00a0|\u00a0<a href=\"https:\/\/hockeysverige.se\/junior-vm\/jvm-resultat\/\" target=\"_blank\" rel=\"noreferrer noopener nofollow\">Resultat<\/a>\u00a0|\u00a0<a href=\"https:\/\/hockeysverige.se\/landslag\/juniorkronorna\/\" target=\"_blank\" rel=\"noreferrer noopener nofollow\">Allt om Juniorkronorna<\/a>\u00a0|<\/p>\n<p>Sverige valde att spela tv\u00e5 tr\u00e4ningsmatcher mot Kanada inf\u00f6r JVM. I natt var det dags f\u00f6r den f\u00f6rsta. D\u00e5 blev det ocks\u00e5 kanadensisk seger med 2-1 efter att de avgjort i den tredje perioden. Det var med drygt tio minuter kvar att spela som <a href=\"https:\/\/hockeysverige.se\/spelare\/brady-martin\/\" rel=\"nofollow noopener\" target=\"_blank\">Brady Martin<\/a> satte segerm\u00e5let f\u00f6r kanadensarna.<\/p>\n<p>Det var ocks\u00e5 Martin som \u00f6ppnade m\u00e5lskyttet i den andra perioden. B\u00e5da Kanadas m\u00e5l assisterades ocks\u00e5 av underbarnet <a href=\"https:\/\/hockeysverige.se\/spelare\/gavin-mckenna\/\" rel=\"nofollow noopener\" target=\"_blank\">Gavin McKenna<\/a>.<\/p>\n<p>Sverige kvitterade matchen genom Viggo Bj\u00f6rck som slog till i ett fem-mot-tre-l\u00e4ge. <\/p>\n<p><a href=\"https:\/\/hockeysverige.se\/spelare\/herman-liv\/\" target=\"_blank\" rel=\"noreferrer noopener nofollow\">Herman Liv<\/a> var den som fick chansen i det svenska m\u00e5let och imponerade. Samtidigt vilade <a href=\"https:\/\/hockeysverige.se\/spelare\/ivar-stenberg\/\" target=\"_blank\" rel=\"noreferrer noopener nofollow\">Ivar Stenberg<\/a>, <a href=\"https:\/\/hockeysverige.se\/spelare\/eddie-genborg\/\" rel=\"nofollow noopener\" target=\"_blank\">Eddie Genborg<\/a> och <a href=\"https:\/\/hockeysverige.se\/spelare\/sascha-boumedienne\/\" rel=\"nofollow noopener\" target=\"_blank\">Sascha Boumedienne<\/a> i den h\u00e4r matchen.<\/p>\n<p>S\u00e5 st\u00e4llde Sverige upp mot Kanada<\/p>\n<p><strong>Backpar<\/strong><\/p>\n<p><a href=\"https:\/\/hockeysverige.se\/spelare\/victor-johansson\/\" target=\"_blank\" rel=\"noreferrer noopener nofollow\">Victor Johansson<\/a> \u2013 <a href=\"https:\/\/hockeysverige.se\/spelare\/viggo-gustafsson\/\" target=\"_blank\" rel=\"noreferrer noopener nofollow\">Viggo Gustafsson<\/a> <br \/><a href=\"https:\/\/hockeysverige.se\/spelare\/leo-sahlin-wallenius\/\" target=\"_blank\" rel=\"noreferrer noopener nofollow\">Leo Sahlin Wallenius<\/a> \u2013 <a href=\"https:\/\/hockeysverige.se\/spelare\/felix-carell\/\" target=\"_blank\" rel=\"noreferrer noopener nofollow\">Felix Carell<\/a><br \/><a href=\"https:\/\/hockeysverige.se\/spelare\/viggo-gustafsson\/\" target=\"_blank\" rel=\"noreferrer noopener nofollow\"><a href=\"https:\/\/hockeysverige.se\/spelare\/alfons-freij\/\" target=\"_blank\" rel=\"noreferrer noopener nofollow\">Alfons Freij<\/a> \u2013 <a href=\"https:\/\/hockeysverige.se\/spelare\/william-hakansson\/\" target=\"_blank\" rel=\"noreferrer noopener nofollow\">William H\u00e5kansson<\/a><br \/><a href=\"https:\/\/hockeysverige.se\/spelare\/felix-ohrqvist\/\" target=\"_blank\" rel=\"noreferrer noopener nofollow\">Felix \u00d6hrqvist<\/a><\/p>\n<p><strong>Forwards<\/strong><\/p>\n<p><a href=\"https:\/\/hockeysverige.se\/spelare\/lucas-pettersson\/\" target=\"_blank\" rel=\"noreferrer noopener nofollow\">Lucas Pettersson<\/a> \u2013 <a href=\"https:\/\/hockeysverige.se\/spelare\/jack-berglund\/\" target=\"_blank\" rel=\"noreferrer noopener nofollow\">Jack Berglund<\/a> \u2013 <a href=\"https:\/\/hockeysverige.se\/spelare\/liam-danielsson\/\" target=\"_blank\" rel=\"noreferrer noopener nofollow\">Liam Danielsson<\/a> <br \/><a href=\"https:\/\/hockeysverige.se\/spelare\/anton-frondell\/\" target=\"_blank\" rel=\"noreferrer noopener nofollow\">Anton Frondell<\/a> \u2013 <a href=\"https:\/\/hockeysverige.se\/spelare\/eric-nilson\/\" target=\"_blank\" rel=\"noreferrer noopener nofollow\">Eric Nilson<\/a> \u2013 <a href=\"https:\/\/hockeysverige.se\/spelare\/victor-eklund\/\" target=\"_blank\" rel=\"noreferrer noopener nofollow\">Victor Eklund<\/a><br \/><a href=\"https:\/\/hockeysverige.se\/spelare\/casper-juustovaara-karlsson\/\" target=\"_blank\" rel=\"noreferrer noopener nofollow\">Casper Juustovaara Karlsson<\/a> \u2013 <a href=\"https:\/\/hockeysverige.se\/spelare\/milton-gastrin\/\" target=\"_blank\" rel=\"noreferrer noopener nofollow\">Milton G\u00e4strin<\/a> \u2013 <a href=\"https:\/\/hockeysverige.se\/spelare\/wilson-bjorck\/\" rel=\"nofollow noopener\" target=\"_blank\">Wilson Bj\u00f6rck<\/a><br \/><a href=\"https:\/\/hockeysverige.se\/spelare\/wilson-bjorck\/\" target=\"_blank\" rel=\"noreferrer noopener nofollow\"><strong> <\/strong><\/a><a href=\"https:\/\/hockeysverige.se\/spelare\/valter-lindberg\/\" target=\"_blank\" rel=\"noreferrer noopener nofollow\">Valter Lindberg<\/a> \u2013 <a href=\"https:\/\/hockeysverige.se\/spelare\/viggo-bjorck\/\" target=\"_blank\" rel=\"noreferrer noopener nofollow\">Viggo Bj\u00f6rck<\/a> \u2013 <a href=\"https:\/\/hockeysverige.se\/spelare\/loke-krantz\/\" target=\"_blank\" rel=\"noreferrer noopener nofollow\">Loke Krantz<\/a><br \/><strong>Extra:<\/strong> <a href=\"https:\/\/hockeysverige.se\/spelare\/linus-eriksson\/\" target=\"_blank\" rel=\"noreferrer noopener nofollow\">Linus Eriksson<\/a><\/p>\n","protected":false},"excerpt":{"rendered":"Det blev en j\u00e4mn f\u00f6rsta tr\u00e4ningsmatch f\u00f6r Sverige mot Kanada. I den tredje perioden avgjorde d\u00e4remot Brady Martin&hellip;\n","protected":false},"author":2,"featured_media":109818,"comment_status":"","ping_status":"","sticky":false,"template":"","format":"standard","meta":{"footnotes":""},"categories":[68],"tags":[11450,34,133,111,110,31,33,32,30,355,379],"class_list":{"0":"post-109817","1":"post","2":"type-post","3":"status-publish","4":"format-standard","5":"has-post-thumbnail","7":"category-sport","8":"tag-jvm","9":"tag-se","10":"tag-second-news","11":"tag-sport","12":"tag-sports","13":"tag-svenska","14":"tag-sverige","15":"tag-sweden","16":"tag-swedish","17":"tag-talang","18":"tag-top-article"},"share_on_mastodon":{"url":"https:\/\/pubeurope.com\/@se\/115740082633985721","error":""},"_links":{"self":[{"href":"https:\/\/www.europesays.com\/se\/wp-json\/wp\/v2\/posts\/109817","targetHints":{"allow":["GET"]}}],"collection":[{"href":"https:\/\/www.europesays.com\/se\/wp-json\/wp\/v2\/posts"}],"about":[{"href":"https:\/\/www.europesays.com\/se\/wp-json\/wp\/v2\/types\/post"}],"author":[{"embeddable":true,"href":"https:\/\/www.europesays.com\/se\/wp-json\/wp\/v2\/users\/2"}],"replies":[{"embeddable":true,"href":"https:\/\/www.europesays.com\/se\/wp-json\/wp\/v2\/comments?post=109817"}],"version-history":[{"count":0,"href":"https:\/\/www.europesays.com\/se\/wp-json\/wp\/v2\/posts\/109817\/revisions"}],"wp:featuredmedia":[{"embeddable":true,"href":"https:\/\/www.europesays.com\/se\/wp-json\/wp\/v2\/media\/109818"}],"wp:attachment":[{"href":"https:\/\/www.europesays.com\/se\/wp-json\/wp\/v2\/media?parent=109817"}],"wp:term":[{"taxonomy":"category","embeddable":true,"href":"https:\/\/www.europesays.com\/se\/wp-json\/wp\/v2\/categories?post=109817"},{"taxonomy":"post_tag","embeddable":true,"href":"https:\/\/www.europesays.com\/se\/wp-json\/wp\/v2\/tags?post=109817"}],"curies":[{"name":"wp","href":"https:\/\/api.w.org\/{rel}","templated":true}]}}