{"id":109819,"date":"2025-12-18T10:24:20","date_gmt":"2025-12-18T10:24:20","guid":{"rendered":"https:\/\/www.europesays.com\/se\/109819\/"},"modified":"2025-12-18T10:24:20","modified_gmt":"2025-12-18T10:24:20","slug":"varfor-sprider-spotify-hogerextrem-dynga","status":"publish","type":"post","link":"https:\/\/www.europesays.com\/se\/109819\/","title":{"rendered":"Varf\u00f6r sprider Spotify h\u00f6gerextrem dynga?"},"content":{"rendered":"<p>Publicerad 18 dec 2025 kl 05.00Uppdaterad kl 09.15<\/p>\n<p>Spotify sprider h\u00f6gerextrema budskap till tonerna av AI-genererad musik.\u00a0<\/p>\n<p>Tali da Silva h\u00f6r en sorglig utveckling f\u00f6r den stora streamingtj\u00e4nsten.<\/p>\n<p><img   alt=\"\"\/><\/p>\n<p>Spotifys globala och \u00e4ven svenska Viral 50-lista toppas av l\u00e5ten \u201dWe are Charlie Kirk\u201d.<\/p>\n<p>Foto: KALKA\/NURPHOTO\/SHUTTERSTOCK<\/p>\n<p>\u00d6ppna bild i helsk\u00e4rm<img loading=\"lazy\"   alt=\"\"\/><\/p>\n<p>Den amerikanska debatt\u00f6ren Charlie Kirk m\u00f6rdades i september i \u00e5r.<\/p>\n<p>Foto: DAVE DECKER \/ STELLA PICTURES<\/p>\n<p>\u00d6ppna bild i helsk\u00e4rm<\/p>\n<p><strong>KOMMENTAR<\/strong>. Spotify sv\u00e4mmar just nu fullkomligt \u00f6ver av skit. <a href=\"https:\/\/www.svt.se\/kultur\/topplistorna-fylls-av-ai-musik-maskineriet-bakom-hitsen\" rel=\"nofollow noopener\" target=\"_blank\">Enligt SVT \u00e4r 36 procent<\/a> av l\u00e5tarna p\u00e5 de virala topplistorna skapade med hj\u00e4lp av artificiell intelligens. Men v\u00e4rst av allt \u00e4r alla fejkade AI-klipp, slops, med politiska och ofta fr\u00e4mlingsfientliga budskap som str\u00f6mningstj\u00e4nsten gladeligen hj\u00e4lper till att sprida \u2013 \u201dl\u00e5tar\u201d som inte har det minsta med musik att g\u00f6ra.<\/p>\n<p>I slutet av november och b\u00f6rjan av december har <a href=\"https:\/\/www.expressen.se\/tagg\/organization\/spotify\/\" class=\"\" rel=\"nofollow noopener\" target=\"_blank\">Spotifys<\/a> globala och \u00e4ven svenska Viral 50-lista toppats av l\u00e5ten \u201dWe are Charlie Kirk\u201d. En powerballad med s\u00e5 anstr\u00e4ngd s\u00e5ng och platt produktion att de allra l\u00e4gsta inom svensk epadunk framst\u00e5r som potentiella Polarprisvinnare i j\u00e4mf\u00f6relse. L\u00e5ten \u00e4r en hyllning till Kirk, MAGA-influencern och ledaren f\u00f6r den konservativa studentorganisationen \u201dTurning point USA\u201d som m\u00f6rdades i september i \u00e5r. Men det \u00e4r inte den enda yttersta h\u00f6gerpropagandan skapad med hj\u00e4lp av AI som f\u00e5tt breda ut sig p\u00e5 musikplattformen p\u00e5 senare tid.<\/p>\n<p>F\u00f6rra \u00e5ret n\u00e5dde tyska \u201dVerknallt in einen Talahon\u201d, en l\u00e5t som g\u00f6r narr av muslimska invandrare, tredjeplatsen p\u00e5 Spotify Viral 50 Global. Tidigare i h\u00f6stas var det den nederl\u00e4ndska l\u00e5ten \u201dWij zeggen ne ne ne tegen een AZC\u201d (\u201dVi s\u00e4ger nej nej nej till ett asylboende\u201d) som toppade samma lista.<\/p>\n<blockquote><p>Det enklaste s\u00e4ttet att n\u00e5 ut till en bredare offentlighet.<\/p><\/blockquote>\n<p>I ett mail till The Guardian skriver Broken Veteran, \u201dartisten\u201d bakom AZC-l\u00e5ten, att AI \u00e4r \u201dextra v\u00e4rdefullt f\u00f6r m\u00e4nniskor som jag som har n\u00e5got att s\u00e4ga men som saknar traditionell musikalisk utbildning\u201d.<\/p>\n<p>B\u00e4ttre beskrivning av Spotifys just nu ilsnabba devalvering som musiktj\u00e4nst g\u00e5r knappast att f\u00e5. M\u00e4nniskor med politiska motiv g\u00f6r allts\u00e5 AI-l\u00e5tar eftersom det blivit det enklaste s\u00e4ttet att n\u00e5 ut till en bredare offentlighet.<\/p>\n<p>Det \u00e4r f\u00f6rst\u00e5s l\u00e4tt f\u00f6r Spotify att h\u00e4vda att de bara visar vad som \u00e4r viralt. \u201dWe are Charlie Kirk\u201d n\u00e5dde n\u00e4mligen h\u00f6gsta placeringen efter ha spridits som en l\u00f6peld p\u00e5 Tiktok, fr\u00e4mst genom memes som h\u00e5nar dess l\u00e5ga musikaliska kvalitet.<\/p>\n<blockquote><p>Vilken sorglig slutstation f\u00f6r den svenska str\u00f6mningstj\u00e4nsten.<\/p><\/blockquote>\n<p>Men \u00e4r det verkligen det som Spotify vill med sina listor: Bli en skr\u00e4pgenerator som suger upp all t\u00e4nkbar s\u00f6rja som delats i sociala medier?\u00a0<\/p>\n<p>De allra flesta har f\u00f6rhoppningsvis slutat tolka listorna som musik man b\u00f6r ha koll p\u00e5. Men n\u00e4r en stor del av lyssningen sker via algoritmbaserade spellistor \u00e4r det \u00e4nd\u00e5 den h\u00e4r \u201dmusiken\u201d som basuneras ut.<\/p>\n<p>Vilken sorglig slutstation f\u00f6r den svenska str\u00f6mningstj\u00e4nsten. En utskrattad pajas-app d\u00e4r AI-skr\u00e4p och troll\u00e5tar r\u00e4knas som hetare \u00e4n Rosal\u00eda och Bad Bunny och vars virala topplistor g\u00e5r att j\u00e4mst\u00e4lla med det tidiga internets omodererade kommentarsf\u00e4lt.<\/p>\n<p>Tali da Silva \u00e4r journalist.\u00a0<\/p>\n","protected":false},"excerpt":{"rendered":"Publicerad 18 dec 2025 kl 05.00Uppdaterad kl 09.15 Spotify sprider h\u00f6gerextrema budskap till tonerna av AI-genererad musik.\u00a0 Tali&hellip;\n","protected":false},"author":2,"featured_media":109820,"comment_status":"","ping_status":"","sticky":false,"template":"","format":"standard","meta":{"footnotes":""},"categories":[67],"tags":[104,3755,1550,3131,34,31,33,32,30,211,105],"class_list":{"0":"post-109819","1":"post","2":"type-post","3":"status-publish","4":"format-standard","5":"has-post-thumbnail","7":"category-underhallning","8":"tag-entertainment","9":"tag-organization-expressen-kultur","10":"tag-organization-spotify","11":"tag-person-charlie-kirk","12":"tag-se","13":"tag-svenska","14":"tag-sverige","15":"tag-sweden","16":"tag-swedish","17":"tag-topic-streaming","18":"tag-underhallning"},"share_on_mastodon":{"url":"https:\/\/pubeurope.com\/@se\/115740086354421907","error":""},"_links":{"self":[{"href":"https:\/\/www.europesays.com\/se\/wp-json\/wp\/v2\/posts\/109819","targetHints":{"allow":["GET"]}}],"collection":[{"href":"https:\/\/www.europesays.com\/se\/wp-json\/wp\/v2\/posts"}],"about":[{"href":"https:\/\/www.europesays.com\/se\/wp-json\/wp\/v2\/types\/post"}],"author":[{"embeddable":true,"href":"https:\/\/www.europesays.com\/se\/wp-json\/wp\/v2\/users\/2"}],"replies":[{"embeddable":true,"href":"https:\/\/www.europesays.com\/se\/wp-json\/wp\/v2\/comments?post=109819"}],"version-history":[{"count":0,"href":"https:\/\/www.europesays.com\/se\/wp-json\/wp\/v2\/posts\/109819\/revisions"}],"wp:featuredmedia":[{"embeddable":true,"href":"https:\/\/www.europesays.com\/se\/wp-json\/wp\/v2\/media\/109820"}],"wp:attachment":[{"href":"https:\/\/www.europesays.com\/se\/wp-json\/wp\/v2\/media?parent=109819"}],"wp:term":[{"taxonomy":"category","embeddable":true,"href":"https:\/\/www.europesays.com\/se\/wp-json\/wp\/v2\/categories?post=109819"},{"taxonomy":"post_tag","embeddable":true,"href":"https:\/\/www.europesays.com\/se\/wp-json\/wp\/v2\/tags?post=109819"}],"curies":[{"name":"wp","href":"https:\/\/api.w.org\/{rel}","templated":true}]}}