{"id":109826,"date":"2025-12-18T10:29:09","date_gmt":"2025-12-18T10:29:09","guid":{"rendered":"https:\/\/www.europesays.com\/se\/109826\/"},"modified":"2025-12-18T10:29:09","modified_gmt":"2025-12-18T10:29:09","slug":"biltema-i-karlstad-sager-upp-all-personal","status":"publish","type":"post","link":"https:\/\/www.europesays.com\/se\/109826\/","title":{"rendered":"Biltema i Karlstad s\u00e4ger upp all personal"},"content":{"rendered":"<p>Publicerad 18 dec 2025 kl 09.05Uppdaterad kl 11.14<\/p>\n<p>Nio dagar f\u00f6re jul varslade Biltema i Karlstad all sin personal \u2013 59 personer.<\/p>\n<p>Beskedet publicerades digitalt p\u00e5 en intern plattform.<\/p>\n<p>\u2013 Det \u00e4r kaos, m\u00e5nga m\u00e5r d\u00e5ligt, s\u00e4ger Martin Bostr\u00f6m, regionalt skyddsombud p\u00e5 Handels, till tidningen <a href=\"https:\/\/arbetet.se\/2025\/12\/17\/biltema-varslade-alla-anstallda-med-digitalt-meddelande-nio-dagar-fore-julafton-det-ar-kaos\/\" rel=\"nofollow noopener\" target=\"_blank\">Arbetet<\/a>.\u00a0<\/p>\n<p>Senaste avsnittet av B\u00f6rsmorgon.<img   alt=\"\"\/><\/p>\n<p>Biltema i Karlstad varslar all sin personal.<\/p>\n<p>Foto: Roland Magnusson \/ STELLA PICTURES ALAMY<\/p>\n<p>\u00d6ppna bild i helsk\u00e4rm<\/p>\n<p>Klockan nio i m\u00e5ndags fick de anst\u00e4llda som gick in i det interna informationssystemet veta att de kanske inte l\u00e4ngre hade n\u00e5got jobb kvar.\u00a0<\/p>\n<p>P\u00e5 plattformen skrev arbetsgivaren att samtliga butiksanst\u00e4llda varslas om upps\u00e4gning eftersom varuhuset ska rivas. N\u00e5got som \u00e4ven <a href=\"https:\/\/www.vf.se\/2025\/12\/16\/alla-kan-sagas-upp-stor-oro-bland-biltemas-personal-helt-oacceptabelt-06b1e\/\" rel=\"nofollow noopener\" target=\"_blank\">V\u00e4rmlands Folkblad<\/a> tidigare rapporterat om.\u00a0<\/p>\n<p>Direkt efter att varslet meddelades valde fackf\u00f6rbundet Handels, som organiserar majoriteten av de ber\u00f6rda, att l\u00e4gga ett skyddsstopp \u2013 med omedelbar verkan.<\/p>\n<p>\u2013 Att de anst\u00e4llda skulle st\u00e5 i butiken och f\u00e5 upp det d\u00e4r meddelandet samtidigt som de hj\u00e4lpte kunder, det var direkt ol\u00e4mpligt. M\u00e5nga m\u00e5dde oerh\u00f6rt d\u00e5ligt, s\u00e4ger Martin Bostr\u00f6m till Arbetet.<\/p>\n<p>Facket: Underm\u00e5lig hantering<\/p>\n<p>Han kallar hanteringen fr\u00e5n f\u00f6retagets sida f\u00f6r underm\u00e5lig och s\u00e4ger att han och den lokala fackklubben f\u00f6rs\u00f6kt f\u00e5 f\u00f6retagets ledning att meddela varslet vid ett storm\u00f6te, med m\u00f6jlighet att st\u00e4lla fr\u00e5gor.\u00a0<\/p>\n<p>Ist\u00e4llet var det fackklubben som efter att beskedet publicerats kallade till m\u00f6te f\u00f6r att kunna prata om det som skett.\u00a0<\/p>\n<p>\u2013 Det var kaos, mycket fr\u00e5gor och folk som gr\u00e4t och f\u00f6rs\u00f6kte f\u00e5 kontakt med kolleger som inte jobbade just d\u00e5. Man ville ber\u00e4tta f\u00f6r dem, s\u00e5 att de skulle slippa se meddelandet n\u00e4r de var hemma ensamma, s\u00e4ger Martin Bostr\u00f6m.<\/p>\n<p>Skyddsstoppet lyftes ett par timmar senare.\u00a0<\/p>\n<p>Att varuhuset ska rivas har varit k\u00e4nt i ett par m\u00e5nader och planen \u00e4r att ett nytt varuhus ska byggas p\u00e5 samma plats. Bygget ber\u00e4knas ta ungef\u00e4r ett \u00e5r.\u00a0<\/p>\n<p>Marknadschefen Johan Gerdev\u00e5g skriver i en kommentar till V\u00e4rmlands Folkblad:\u00a0<\/p>\n<p>\u201dI nul\u00e4get p\u00e5g\u00e5r en process och f\u00f6rhandlingar \u00e4r inplanerade. N\u00e4r processen \u00e4r klar och eventuella beslut \u00e4r fattade kommer vi att kunna \u00e5terkomma med mer information.\u201d<\/p>\n","protected":false},"excerpt":{"rendered":"Publicerad 18 dec 2025 kl 09.05Uppdaterad kl 11.14 Nio dagar f\u00f6re jul varslade Biltema i Karlstad all sin&hellip;\n","protected":false},"author":2,"featured_media":109827,"comment_status":"","ping_status":"","sticky":false,"template":"","format":"standard","meta":{"footnotes":""},"categories":[5],"tags":[22,23,26,27,17,21,24,25,28,29,15,16,12155,18,34,154,31,33,32,30,19,1359,2589,2479,20],"class_list":{"0":"post-109826","1":"post","2":"type-post","3":"status-publish","4":"format-standard","5":"has-post-thumbnail","7":"category-rubriker","8":"tag-breaking-news","9":"tag-breakingnews","10":"tag-featured-news","11":"tag-featurednews","12":"tag-headlines","13":"tag-huvudnyheter","14":"tag-latest-news","15":"tag-latestnews","16":"tag-main-news","17":"tag-mainnews","18":"tag-news","19":"tag-nyheter","20":"tag-organization-biltema","21":"tag-rubriker","22":"tag-se","23":"tag-sections-sverige","24":"tag-svenska","25":"tag-sverige","26":"tag-sweden","27":"tag-swedish","28":"tag-top-stories","29":"tag-topic-arbetsmarknad","30":"tag-topic-arbetsmiljo","31":"tag-topic-fackforbund","32":"tag-topstories"},"share_on_mastodon":{"url":"https:\/\/pubeurope.com\/@se\/115740105924554018","error":""},"_links":{"self":[{"href":"https:\/\/www.europesays.com\/se\/wp-json\/wp\/v2\/posts\/109826","targetHints":{"allow":["GET"]}}],"collection":[{"href":"https:\/\/www.europesays.com\/se\/wp-json\/wp\/v2\/posts"}],"about":[{"href":"https:\/\/www.europesays.com\/se\/wp-json\/wp\/v2\/types\/post"}],"author":[{"embeddable":true,"href":"https:\/\/www.europesays.com\/se\/wp-json\/wp\/v2\/users\/2"}],"replies":[{"embeddable":true,"href":"https:\/\/www.europesays.com\/se\/wp-json\/wp\/v2\/comments?post=109826"}],"version-history":[{"count":0,"href":"https:\/\/www.europesays.com\/se\/wp-json\/wp\/v2\/posts\/109826\/revisions"}],"wp:featuredmedia":[{"embeddable":true,"href":"https:\/\/www.europesays.com\/se\/wp-json\/wp\/v2\/media\/109827"}],"wp:attachment":[{"href":"https:\/\/www.europesays.com\/se\/wp-json\/wp\/v2\/media?parent=109826"}],"wp:term":[{"taxonomy":"category","embeddable":true,"href":"https:\/\/www.europesays.com\/se\/wp-json\/wp\/v2\/categories?post=109826"},{"taxonomy":"post_tag","embeddable":true,"href":"https:\/\/www.europesays.com\/se\/wp-json\/wp\/v2\/tags?post=109826"}],"curies":[{"name":"wp","href":"https:\/\/api.w.org\/{rel}","templated":true}]}}