{"id":109834,"date":"2025-12-18T10:35:10","date_gmt":"2025-12-18T10:35:10","guid":{"rendered":"https:\/\/www.europesays.com\/se\/109834\/"},"modified":"2025-12-18T10:35:10","modified_gmt":"2025-12-18T10:35:10","slug":"aldre-man-ranad-och-bakbunden-i-sitt-hem-i-skara","status":"publish","type":"post","link":"https:\/\/www.europesays.com\/se\/109834\/","title":{"rendered":"\u00c4ldre man r\u00e5nad och bakbunden i sitt hem i Skara"},"content":{"rendered":"<p class=\"sc-c25743f0-0 sc-e37c0145-2 hObFds DQgPn\"><strong>En \u00e4ldre man har blivit bakbunden, skuren och r\u00e5nad i sitt eget hem i Skara.<br \/>\u2013 Vi vet att det r\u00f6r sig om ett flertal g\u00e4rningspersoner, s\u00e4ger <\/strong><strong>polisens presstalesperson Christian Brattg\u00e5rd.<\/strong><\/p>\n<p class=\"sc-c25743f0-0 sc-e37c0145-2 hObFds DQgPn\">En man i 80-\u00e5rs\u00e5ldern har blivit r\u00e5nad i sitt hem i Skara. Det var hemtj\u00e4nsten som hittade honom under morgonen \u2013 bakbunden och sk\u00e4rskadad. <\/p>\n<p class=\"sc-c25743f0-0 sc-e37c0145-2 hObFds DQgPn\">\u2013 Hemtj\u00e4nsten ringde polisen vid 08-tiden i morse, men hur l\u00e4nge han legat bunden och \u00e4ven skadad det vet jag inte, s\u00e4ger Christian Brattg\u00e5rd.<\/p>\n<p class=\"sc-c25743f0-0 sc-e37c0145-2 hObFds DQgPn\">Mannen, som var vaken n\u00e4r han hittades, har f\u00f6rts till sjukhus med ambulans. Skadel\u00e4get \u00e4r oklart.<\/p>\n<p class=\"sc-c25743f0-0 sc-e37c0145-2 hObFds DQgPn\">Enligt polisen finns det flera misst\u00e4nkta g\u00e4rningsm\u00e4n och i samband med r\u00e5net ska mannens silverf\u00e4rgade Dacia ha stulits. Polisen v\u00e4djar nu om iakttagelser om bilen och h\u00e4nvisar vittnen till 112.<\/p>\n<p class=\"sc-c25743f0-0 sc-e37c0145-2 hObFds DQgPn\">\u2013 Vi beh\u00f6ver nu prata med mannen f\u00f6r att f\u00e5 klart f\u00f6r oss vad han mer kan ha blivit av med, s\u00e4ger Christian Brattg\u00e5rd.<\/p>\n","protected":false},"excerpt":{"rendered":"En \u00e4ldre man har blivit bakbunden, skuren och r\u00e5nad i sitt eget hem i Skara.\u2013 Vi vet att&hellip;\n","protected":false},"author":2,"featured_media":77179,"comment_status":"","ping_status":"","sticky":false,"template":"","format":"standard","meta":{"footnotes":""},"categories":[14],"tags":[22,23,26,27,17,21,24,25,28,29,15,16,18,34,31,33,32,30,19,20,51,52,53,54],"class_list":{"0":"post-109834","1":"post","2":"type-post","3":"status-publish","4":"format-standard","5":"has-post-thumbnail","7":"category-varlden","8":"tag-breaking-news","9":"tag-breakingnews","10":"tag-featured-news","11":"tag-featurednews","12":"tag-headlines","13":"tag-huvudnyheter","14":"tag-latest-news","15":"tag-latestnews","16":"tag-main-news","17":"tag-mainnews","18":"tag-news","19":"tag-nyheter","20":"tag-rubriker","21":"tag-se","22":"tag-svenska","23":"tag-sverige","24":"tag-sweden","25":"tag-swedish","26":"tag-top-stories","27":"tag-topstories","28":"tag-varlden","29":"tag-world","30":"tag-world-news","31":"tag-worldnews"},"share_on_mastodon":{"url":"https:\/\/pubeurope.com\/@se\/115740129787840549","error":""},"_links":{"self":[{"href":"https:\/\/www.europesays.com\/se\/wp-json\/wp\/v2\/posts\/109834","targetHints":{"allow":["GET"]}}],"collection":[{"href":"https:\/\/www.europesays.com\/se\/wp-json\/wp\/v2\/posts"}],"about":[{"href":"https:\/\/www.europesays.com\/se\/wp-json\/wp\/v2\/types\/post"}],"author":[{"embeddable":true,"href":"https:\/\/www.europesays.com\/se\/wp-json\/wp\/v2\/users\/2"}],"replies":[{"embeddable":true,"href":"https:\/\/www.europesays.com\/se\/wp-json\/wp\/v2\/comments?post=109834"}],"version-history":[{"count":0,"href":"https:\/\/www.europesays.com\/se\/wp-json\/wp\/v2\/posts\/109834\/revisions"}],"wp:featuredmedia":[{"embeddable":true,"href":"https:\/\/www.europesays.com\/se\/wp-json\/wp\/v2\/media\/77179"}],"wp:attachment":[{"href":"https:\/\/www.europesays.com\/se\/wp-json\/wp\/v2\/media?parent=109834"}],"wp:term":[{"taxonomy":"category","embeddable":true,"href":"https:\/\/www.europesays.com\/se\/wp-json\/wp\/v2\/categories?post=109834"},{"taxonomy":"post_tag","embeddable":true,"href":"https:\/\/www.europesays.com\/se\/wp-json\/wp\/v2\/tags?post=109834"}],"curies":[{"name":"wp","href":"https:\/\/api.w.org\/{rel}","templated":true}]}}