{"id":109855,"date":"2025-12-18T10:52:15","date_gmt":"2025-12-18T10:52:15","guid":{"rendered":"https:\/\/www.europesays.com\/se\/109855\/"},"modified":"2025-12-18T10:52:15","modified_gmt":"2025-12-18T10:52:15","slug":"usa-i-jatteaffar-med-taiwan-vapen-for-100-miljarder","status":"publish","type":"post","link":"https:\/\/www.europesays.com\/se\/109855\/","title":{"rendered":"USA i j\u00e4tteaff\u00e4r med Taiwan \u2013 vapen f\u00f6r 100 miljarder"},"content":{"rendered":"<p>Taiwan ska k\u00f6pa vapen av USA f\u00f6r \u00f6ver 100 miljarder svenska kronor, vilket \u00e4r den st\u00f6rsta vapenaff\u00e4ren mellan l\u00e4nderna n\u00e5gonsin. Det rapporterar Japan Times, som ocks\u00e5 skriver att j\u00e4tteaff\u00e4ren kommer under ett kinesiskt tryck p\u00e5 Taiwan som blir allt st\u00f6rre.<\/p>\n<p>\u201dUSA forts\u00e4tter att bist\u00e5 Taiwan med att uppr\u00e4tth\u00e5lla tillr\u00e4cklig sj\u00e4lvf\u00f6rsvarsf\u00f6rm\u00e5ga och snabbt bygga upp en stark avskr\u00e4ckande kraft\u201d, st\u00e5r det i ett amerikanskt pressmeddelande.<\/p>\n<p>Det \u00e4r en av Washingtons tydligaste \u00e5tg\u00e4rder f\u00f6r att rusta upp Taiwan p\u00e5 flera \u00e5r, enligt Bloomberg, och riskerar att leda till kritiskt f\u00f6rs\u00e4mrade relationer mellan USA och Kina.<\/p>\n<p>Omni \u00e4r politiskt obundna och oberoende. Vi str\u00e4var efter att ge fler perspektiv p\u00e5 nyheterna. Har du fr\u00e5gor eller synpunkter kring v\u00e5r rapportering? <a href=\"https:\/\/omni.se\/usa-i-jatteaffar-med-taiwan-vapen-for-100-miljarder\/a\/mailto:redaktion@omni.se\" class=\"ArticleActions_contactLink__W2F1M\" rel=\"nofollow noopener\" target=\"_blank\">Kontakta redaktionen<\/a><\/p>\n","protected":false},"excerpt":{"rendered":"Taiwan ska k\u00f6pa vapen av USA f\u00f6r \u00f6ver 100 miljarder svenska kronor, vilket \u00e4r den st\u00f6rsta vapenaff\u00e4ren mellan&hellip;\n","protected":false},"author":2,"featured_media":109856,"comment_status":"","ping_status":"","sticky":false,"template":"","format":"standard","meta":{"footnotes":""},"categories":[14],"tags":[387,420,22,23,26,27,17,21,549,2225,24,25,28,29,15,268,16,18,34,31,33,32,30,846,19,20,74,51,52,53,54],"class_list":{"0":"post-109855","1":"post","2":"type-post","3":"status-publish","4":"format-standard","5":"has-post-thumbnail","7":"category-varlden","8":"tag-amerikansk-politik","9":"tag-asien","10":"tag-breaking-news","11":"tag-breakingnews","12":"tag-featured-news","13":"tag-featurednews","14":"tag-headlines","15":"tag-huvudnyheter","16":"tag-kina","17":"tag-kinesisk-politik","18":"tag-latest-news","19":"tag-latestnews","20":"tag-main-news","21":"tag-mainnews","22":"tag-news","23":"tag-nordamerika","24":"tag-nyheter","25":"tag-rubriker","26":"tag-se","27":"tag-svenska","28":"tag-sverige","29":"tag-sweden","30":"tag-swedish","31":"tag-taiwan","32":"tag-top-stories","33":"tag-topstories","34":"tag-usa","35":"tag-varlden","36":"tag-world","37":"tag-world-news","38":"tag-worldnews"},"share_on_mastodon":{"url":"https:\/\/pubeurope.com\/@se\/115740196531064266","error":""},"_links":{"self":[{"href":"https:\/\/www.europesays.com\/se\/wp-json\/wp\/v2\/posts\/109855","targetHints":{"allow":["GET"]}}],"collection":[{"href":"https:\/\/www.europesays.com\/se\/wp-json\/wp\/v2\/posts"}],"about":[{"href":"https:\/\/www.europesays.com\/se\/wp-json\/wp\/v2\/types\/post"}],"author":[{"embeddable":true,"href":"https:\/\/www.europesays.com\/se\/wp-json\/wp\/v2\/users\/2"}],"replies":[{"embeddable":true,"href":"https:\/\/www.europesays.com\/se\/wp-json\/wp\/v2\/comments?post=109855"}],"version-history":[{"count":0,"href":"https:\/\/www.europesays.com\/se\/wp-json\/wp\/v2\/posts\/109855\/revisions"}],"wp:featuredmedia":[{"embeddable":true,"href":"https:\/\/www.europesays.com\/se\/wp-json\/wp\/v2\/media\/109856"}],"wp:attachment":[{"href":"https:\/\/www.europesays.com\/se\/wp-json\/wp\/v2\/media?parent=109855"}],"wp:term":[{"taxonomy":"category","embeddable":true,"href":"https:\/\/www.europesays.com\/se\/wp-json\/wp\/v2\/categories?post=109855"},{"taxonomy":"post_tag","embeddable":true,"href":"https:\/\/www.europesays.com\/se\/wp-json\/wp\/v2\/tags?post=109855"}],"curies":[{"name":"wp","href":"https:\/\/api.w.org\/{rel}","templated":true}]}}