{"id":109885,"date":"2025-12-18T11:16:11","date_gmt":"2025-12-18T11:16:11","guid":{"rendered":"https:\/\/www.europesays.com\/se\/109885\/"},"modified":"2025-12-18T11:16:11","modified_gmt":"2025-12-18T11:16:11","slug":"forgiftade-patienter-for-att-fa-radda-dem","status":"publish","type":"post","link":"https:\/\/www.europesays.com\/se\/109885\/","title":{"rendered":"F\u00f6rgiftade patienter \u2013 f\u00f6r att f\u00e5 r\u00e4dda dem"},"content":{"rendered":"<p>share-arrowDela<\/p>\n<p>unsaveSpara<\/p>\n<p>expand-left<\/p>\n<p>helsk\u00e4rm<img decoding=\"async\" class=\"image-asset hyperion-css-u06ts1\" data-test-tag=\"image-asset\" src=\"https:\/\/www.europesays.com\/se\/wp-content\/uploads\/2025\/12\/8cf886a7-a64b-4216-aef6-523386d6aa30\"  alt=\"M\u00e5ls\u00e4garbitr\u00e4dandena Fr\u00e9d\u00e9ric Berna, St\u00e9phane Giuranna och Archibald Celeyron under r\u00e4tteg\u00e5ngen mot en narkosl\u00e4kare i Besan\u00e7on i \u00f6stra Frankrike.\"  loading=\"eager\" fetchpriority=\"high\" style=\"aspect-ratio:1900 \/ 1267\"\/>M\u00e5ls\u00e4garbitr\u00e4dandena Fr\u00e9d\u00e9ric Berna, St\u00e9phane Giuranna och Archibald Celeyron under r\u00e4tteg\u00e5ngen mot en narkosl\u00e4kare i Besan\u00e7on i \u00f6stra Frankrike. Foto: Arnaud Finistre\/AFP\/TT<\/p>\n<p class=\"hyperion-css-1shl3oz\" data-test-tag=\"lead-text\">En fransk narkosl\u00e4kare d\u00f6ms till livstids f\u00e4ngelse f\u00f6r att ha f\u00f6rgiftat patienter. Enligt \u00e5klagare framkallade han hj\u00e4rtstopp \u2013 f\u00f6r att f\u00e5 briljera n\u00e4r han sedan \u00e5terupplivade sina offer.<\/p>\n<p class=\"hyperion-css-1v9qo5x\">Den 53-\u00e5rige l\u00e4karen, som arbetat p\u00e5 tv\u00e5 kliniker i franska Besan\u00e7on, d\u00f6ms mot sitt nekande f\u00f6r f\u00f6rgiftning av 30 patienter mellan 2008 och 2017.<\/p>\n<p class=\"hyperion-css-1v9qo5x\">Tolv av dem dog p\u00e5 operationsbordet. Det yngsta offret, en fyra\u00e5ring, \u00f6verlevde efter att ha drabbats av tv\u00e5 hj\u00e4rtstopp under en rutinoperation av halsmandlarna.<\/p>\n<p class=\"hyperion-css-1v9qo5x\">\u2013 Jag har v\u00e4ntat p\u00e5 det h\u00e4r i 17 \u00e5r, sade Amandine Iehlen, vars pappa dog under en njuroperation 2008, n\u00e4r r\u00e4tteg\u00e5ngen inleddes i september.<\/p>\n<p class=\"hyperion-css-1v9qo5x\">En obduktion visade senare att pappan avlidit av en \u00f6verdos av bed\u00f6vningsmedlet lidokain.<\/p>\n<p class=\"hyperion-css-1v9qo5x\">Enligt \u00e5klagarna var l\u00e4karens syfte att f\u00e5 visa sin skicklighet under de n\u00f6dsituationer som uppstod till f\u00f6ljd av f\u00f6rgiftningarna. Han uppges ocks\u00e5 ha velat misskreditera sina kollegor.<\/p>\n","protected":false},"excerpt":{"rendered":"share-arrowDela unsaveSpara expand-left helsk\u00e4rmM\u00e5ls\u00e4garbitr\u00e4dandena Fr\u00e9d\u00e9ric Berna, St\u00e9phane Giuranna och Archibald Celeyron under r\u00e4tteg\u00e5ngen mot en narkosl\u00e4kare i Besan\u00e7on&hellip;\n","protected":false},"author":2,"featured_media":109886,"comment_status":"","ping_status":"","sticky":false,"template":"","format":"standard","meta":{"footnotes":""},"categories":[14],"tags":[22,23,26,27,17,21,24,25,28,29,15,16,18,34,31,33,32,30,19,20,51,52,53,54],"class_list":{"0":"post-109885","1":"post","2":"type-post","3":"status-publish","4":"format-standard","5":"has-post-thumbnail","7":"category-varlden","8":"tag-breaking-news","9":"tag-breakingnews","10":"tag-featured-news","11":"tag-featurednews","12":"tag-headlines","13":"tag-huvudnyheter","14":"tag-latest-news","15":"tag-latestnews","16":"tag-main-news","17":"tag-mainnews","18":"tag-news","19":"tag-nyheter","20":"tag-rubriker","21":"tag-se","22":"tag-svenska","23":"tag-sverige","24":"tag-sweden","25":"tag-swedish","26":"tag-top-stories","27":"tag-topstories","28":"tag-varlden","29":"tag-world","30":"tag-world-news","31":"tag-worldnews"},"share_on_mastodon":{"url":"https:\/\/pubeurope.com\/@se\/115740291038796609","error":""},"_links":{"self":[{"href":"https:\/\/www.europesays.com\/se\/wp-json\/wp\/v2\/posts\/109885","targetHints":{"allow":["GET"]}}],"collection":[{"href":"https:\/\/www.europesays.com\/se\/wp-json\/wp\/v2\/posts"}],"about":[{"href":"https:\/\/www.europesays.com\/se\/wp-json\/wp\/v2\/types\/post"}],"author":[{"embeddable":true,"href":"https:\/\/www.europesays.com\/se\/wp-json\/wp\/v2\/users\/2"}],"replies":[{"embeddable":true,"href":"https:\/\/www.europesays.com\/se\/wp-json\/wp\/v2\/comments?post=109885"}],"version-history":[{"count":0,"href":"https:\/\/www.europesays.com\/se\/wp-json\/wp\/v2\/posts\/109885\/revisions"}],"wp:featuredmedia":[{"embeddable":true,"href":"https:\/\/www.europesays.com\/se\/wp-json\/wp\/v2\/media\/109886"}],"wp:attachment":[{"href":"https:\/\/www.europesays.com\/se\/wp-json\/wp\/v2\/media?parent=109885"}],"wp:term":[{"taxonomy":"category","embeddable":true,"href":"https:\/\/www.europesays.com\/se\/wp-json\/wp\/v2\/categories?post=109885"},{"taxonomy":"post_tag","embeddable":true,"href":"https:\/\/www.europesays.com\/se\/wp-json\/wp\/v2\/tags?post=109885"}],"curies":[{"name":"wp","href":"https:\/\/api.w.org\/{rel}","templated":true}]}}