{"id":109893,"date":"2025-12-18T11:24:53","date_gmt":"2025-12-18T11:24:53","guid":{"rendered":"https:\/\/www.europesays.com\/se\/109893\/"},"modified":"2025-12-18T11:24:53","modified_gmt":"2025-12-18T11:24:53","slug":"eus-ostra-forsvar-ska-tas-till-nasta-niva-svd","status":"publish","type":"post","link":"https:\/\/www.europesays.com\/se\/109893\/","title":{"rendered":"EU:s \u00f6stra f\u00f6rsvar ska tas \u201dtill n\u00e4sta niv\u00e5\u201d &#8211; SvD"},"content":{"rendered":"<ol>\n<li><a href=\"https:\/\/news.google.com\/rss\/articles\/CBMiekFVX3lxTE5ZVTNycWpRcnpNNEhCcmM5T0E1YlRwc2wyT2ZLYnVRQjNrNkgySkd5QTZMQjFfT3AwZXlGbWxaM09SR1AtZHdGV01fc0xsQmhtY0UweW4xMGhPYjdDdzBKV2ZPaDViT3Y0Qi1wbzFsaTdIaGpPMVFNQldR?oc=5\" target=\"_blank\" rel=\"nofollow noopener\">EU:s \u00f6stra f\u00f6rsvar ska tas \u201dtill n\u00e4sta niv\u00e5\u201d<\/a>&nbsp;&nbsp;SvD<\/li>\n<li><a href=\"https:\/\/news.google.com\/rss\/articles\/CBMicEFVX3lxTE11dHNkRDdOLWdpUDhzQzRlN2MzX3ZyQk1PcVhDeFNLblpDaGVZejZZeGI3TDE5Ny1NTTBJX0hYNHV0OTd2MUpxM1V1OFQ2bUduU3V3R29hNFk0aWJnS3pKaGM1Z00xdkp0c2lNZnhhYk8?oc=5\" target=\"_blank\" rel=\"nofollow noopener\">Tunga varningar om Ryssland: \u201dS\u00e5 tydligt\u201d<\/a>&nbsp;&nbsp;SvD<\/li>\n<li><a href=\"https:\/\/news.google.com\/rss\/articles\/CBMiogFBVV95cUxOVTN3bG9KMHJxVDBzbzc2V3EzcjBuaWVlZkh0VEFTdElCRUthdC1GRWpHMjAxWGhqMG00MlFnaVllYUlOb1V6LUdLd1lFQjBPNERoUkhienA5M2VsRTVaVHRfT0sxX3hwS3FKcFc5Uk5JQTh5aXFqS1FScWdXYV9tQUY0RlFBT1VQaGZhNWtmcFU0VFBWSDhmZUhzbE1WRS1mTFE?oc=5\" target=\"_blank\" rel=\"nofollow noopener\">Finlands varning: Det h\u00e4nder n\u00e4r kriget i Ukraina \u00e4r \u00f6ver<\/a>&nbsp;&nbsp;Aftonbladet<\/li>\n<li><a href=\"https:\/\/news.google.com\/rss\/articles\/CBMiowFBVV95cUxPZ3JQM0NHZG1MWFZNaWRmaHNaZW9ma21UMG1WZkdfMWoxWExnMF9tVmlIV0tzM29wOW5Zc0lCclVyOVRPNFNVMFRpLUxMYjA5QUhFRm5qbUFlOTVRM3JtQUI3RUJsN2s4OEl5UHpEZy1wR2ZVRFJhZ1pHSXFUOWpZN1RNY1VRdnk2U2p4VXVLNzBXVHdCVW85SEhMTUR6bDNBZEI0?oc=5\" target=\"_blank\" rel=\"nofollow noopener\">EU-l\u00e4nder st\u00e4rker \u00f6stra f\u00f6rsvaret: \u201dM\u00e5ste vara beredd att h\u00f6ja niv\u00e5n\u201d<\/a>&nbsp;&nbsp;SVT Nyheter<\/li>\n<li><a href=\"https:\/\/news.google.com\/rss\/articles\/CBMiggFBVV95cUxPNk1iZlZHdnNxZ2hxWHA4V0hESFpYU2FhcjNfX2tGT3BndnA5VUJNY0t5NGR0UmpUOHBQRURGV3BJc1Q5S2NzS0FLN01KcjU3Mkg5TGh4NENFSENIdFJqUnV4Z1dZYkVic242S1VHbDJJdjRLMVRnOXoxMjdWNUhuS0dn?oc=5\" target=\"_blank\" rel=\"nofollow noopener\">Varnar Nato: D\u00e5 kommer ryssarna hit<\/a>&nbsp;&nbsp;Expressen<\/li>\n<\/ol>\n","protected":false},"excerpt":{"rendered":"EU:s \u00f6stra f\u00f6rsvar ska tas \u201dtill n\u00e4sta niv\u00e5\u201d&nbsp;&nbsp;SvD Tunga varningar om Ryssland: \u201dS\u00e5 tydligt\u201d&nbsp;&nbsp;SvD Finlands varning: Det h\u00e4nder&hellip;\n","protected":false},"author":2,"featured_media":109894,"comment_status":"","ping_status":"","sticky":false,"template":"","format":"standard","meta":{"footnotes":""},"categories":[14],"tags":[22,23,26,27,17,21,24,25,28,29,15,16,18,34,31,33,32,30,19,20,51,52,53,54],"class_list":{"0":"post-109893","1":"post","2":"type-post","3":"status-publish","4":"format-standard","5":"has-post-thumbnail","7":"category-varlden","8":"tag-breaking-news","9":"tag-breakingnews","10":"tag-featured-news","11":"tag-featurednews","12":"tag-headlines","13":"tag-huvudnyheter","14":"tag-latest-news","15":"tag-latestnews","16":"tag-main-news","17":"tag-mainnews","18":"tag-news","19":"tag-nyheter","20":"tag-rubriker","21":"tag-se","22":"tag-svenska","23":"tag-sverige","24":"tag-sweden","25":"tag-swedish","26":"tag-top-stories","27":"tag-topstories","28":"tag-varlden","29":"tag-world","30":"tag-world-news","31":"tag-worldnews"},"share_on_mastodon":{"url":"https:\/\/pubeurope.com\/@se\/115740326155447684","error":""},"_links":{"self":[{"href":"https:\/\/www.europesays.com\/se\/wp-json\/wp\/v2\/posts\/109893","targetHints":{"allow":["GET"]}}],"collection":[{"href":"https:\/\/www.europesays.com\/se\/wp-json\/wp\/v2\/posts"}],"about":[{"href":"https:\/\/www.europesays.com\/se\/wp-json\/wp\/v2\/types\/post"}],"author":[{"embeddable":true,"href":"https:\/\/www.europesays.com\/se\/wp-json\/wp\/v2\/users\/2"}],"replies":[{"embeddable":true,"href":"https:\/\/www.europesays.com\/se\/wp-json\/wp\/v2\/comments?post=109893"}],"version-history":[{"count":0,"href":"https:\/\/www.europesays.com\/se\/wp-json\/wp\/v2\/posts\/109893\/revisions"}],"wp:featuredmedia":[{"embeddable":true,"href":"https:\/\/www.europesays.com\/se\/wp-json\/wp\/v2\/media\/109894"}],"wp:attachment":[{"href":"https:\/\/www.europesays.com\/se\/wp-json\/wp\/v2\/media?parent=109893"}],"wp:term":[{"taxonomy":"category","embeddable":true,"href":"https:\/\/www.europesays.com\/se\/wp-json\/wp\/v2\/categories?post=109893"},{"taxonomy":"post_tag","embeddable":true,"href":"https:\/\/www.europesays.com\/se\/wp-json\/wp\/v2\/tags?post=109893"}],"curies":[{"name":"wp","href":"https:\/\/api.w.org\/{rel}","templated":true}]}}