{"id":109906,"date":"2025-12-18T11:36:15","date_gmt":"2025-12-18T11:36:15","guid":{"rendered":"https:\/\/www.europesays.com\/se\/109906\/"},"modified":"2025-12-18T11:36:15","modified_gmt":"2025-12-18T11:36:15","slug":"fackeltag-till-stod-for-permanenta-uppehallstillstand","status":"publish","type":"post","link":"https:\/\/www.europesays.com\/se\/109906\/","title":{"rendered":"Fackelt\u00e5g till st\u00f6d f\u00f6r permanenta uppeh\u00e5llstillst\u00e5nd \u00a0"},"content":{"rendered":"<p>\n                    FN:s generalsekretare Ant\u00f3nio Guterres uppmanar inf\u00f6r internationella migrationsdagen den 18 december till en \u201dmigration v\u00e4rdig och s\u00e4ker f\u00f6r alla\u201d. I Sverige arrangerar bland annat n\u00e4tverket Nu \u00e4r det nog fackelt\u00e5g runt om i Sverige f\u00f6r att kr\u00e4va att regeringens f\u00f6rslag att \u00e5terkalla permanenta uppeh\u00e5llstillst\u00e5nd ooh ers\u00e4tt dem med tillf\u00e4lliga. Foto: AP Photo\/Hadi Mizban, och Nu \u00e4r det nog, med flera\n            <\/p>\n<p class=\"article__sublead\">I dag den 18 december \u00e4r den internationella migrationsdagen. I Sverige arrangeras fackelt\u00e5g p\u00e5 flera platser i f\u00f6r att protestera mot regeringens f\u00f6rslag att \u00e5terkalla permanenta uppeh\u00e5llstillst\u00e5nd. Inf\u00f6r dagen uppmanar ocks\u00e5 FN:s generalsekreterare Ant\u00f3nio Guterres till en \u201dmigration v\u00e4rdig och s\u00e4ker f\u00f6r alla\u201d.<\/p>\n<p class=\"article__paragraph\">I H\u00e4rn\u00f6sand, Lund, Norrk\u00f6ping, Sk\u00f6vde och Ume\u00e5, och m\u00e5nga andra platser runt om i landet kommer m\u00e4nniskor att g\u00e5 i fackelt\u00e5g i till skydd f\u00f6r permanenta uppeh\u00e5llstillst\u00e5nd. Protesterna riktas mot regeringens utredningsf\u00f6rslag om att permanenta uppeh\u00e5llstillst\u00e5nd som redan beviljats i Sverige ska kunna \u00e5terkallas och omvandlas till tillf\u00e4lliga.<\/p>\n<p class=\"article__paragraph\">Evenemanget organiseras av n\u00e4tverket Nu \u00e4r det nog, och F\u00f6reningen Hj\u00e4rta bland annat. Syftet med fackelt\u00e5gen att kr\u00e4va att f\u00f6rslaget dras tillbaka med motiveringen att det \u00e4r \u201dor\u00e4ttvist och skadligt\u201d. Arrang\u00f6rerna menar att det kommer att skada m\u00e4nniskors f\u00f6rtroende och trygghet, och att f\u00f6rslaget g\u00e5r ut p\u00e5 att \u00e4ndra regler i efterhand n\u00e5got man menar undergr\u00e4ver tilliten till det svenska r\u00e4ttsystemet.\u00a0<\/p>\n<p>\u201dLeva i st\u00e4ndig oro\u201d<\/p>\n<p class=\"article__paragraph\">Arrang\u00f6rerna menar ocks\u00e5 att f\u00f6rslaget kommer att drabba integrationen eftersom ett tillf\u00e4lligt tillst\u00e5nd kommer att inneb\u00e4ra en mer os\u00e4ker tillvaro i Sverige, n\u00e5got som kan drabba m\u00f6jligheten till etablering. Framf\u00f6r allt, betonar man, kommer det att orsaka stora skador och m\u00e4nskligt lidande eftersom m\u00e5nga tusen m\u00e4nniskor som bor i Sverige riskerar att tvingas leva \u201di st\u00e4ndig oro f\u00f6r att f\u00f6rlora sin r\u00e4tt att stanna, trots att de redan byggt sina liv h\u00e4r\u201d.<\/p>\n<p class=\"article__paragraph\">Den internationella migrationsdagen antogs av FN:s generalf\u00f6rsamling \u00e5r 2000 f\u00f6r att lyfta\u00a0vikten av s\u00e4kra, mer inkluderande och r\u00e4ttvisare migrationssystem runt om i v\u00e4rlden. I \u00e5r \u00e4r temat \u201dMin stora ber\u00e4ttelse: Kulturer och utveckling\u201d, f\u00f6r att s\u00e4tta i fokus hur migration f\u00e5r samh\u00e4llen att v\u00e4xa och st\u00f6tta varandra.<\/p>\n<p class=\"article__paragraph\">\u2013 Sedan 2014 har n\u00e4stan 70 000 migranter d\u00f6tt eller f\u00f6rsvunnit l\u00e4ngs land- och sj\u00f6v\u00e4gar, och det verkliga antalet \u00e4r sannolikt mycket h\u00f6gre. Gr\u00e4nserna sk\u00e4rps, smugglare och m\u00e4nniskohandlare blomstrar, och kvinnor och barn \u00e4r bland de mest utsatta, s\u00e4ger FN:s generalsekreterare <strong>Ant\u00f3nio Guterres <\/strong>i ett uttalande i samband med migrationsdagen.<\/p>\n<p>\u201dUtnyttja migrationens kraft\u201d<\/p>\n<p class=\"article__paragraph\">Guterres uppmanar till att migration ska ses som en positiv drivkraft, och att det \u00e4r viktigt att ifr\u00e5gas\u00e4tta avhumaniseringen av migranter.\u00a0<\/p>\n<p class=\"article__paragraph\">\u2013 L\u00e5t oss p\u00e5 denna internationella migrantdag st\u00e5 tillsammans f\u00f6r varje migrants r\u00e4ttigheter och g\u00f6ra migration v\u00e4rdig och s\u00e4ker f\u00f6r alla, s\u00e4ger Ant\u00f3nio Guterres, och forts\u00e4tter:\u00a0<\/p>\n<p class=\"article__paragraph\">\u2013 Vi kan och m\u00e5ste utnyttja migrationens kraft f\u00f6r att fr\u00e4mja h\u00e5llbar utveckling och bygga mer motst\u00e5ndskraftiga samh\u00e4llen. Detta b\u00f6rjar med att utmana de ber\u00e4ttelser som avhumaniserar migranter och ers\u00e4tta dem med ber\u00e4ttelser om solidaritet.<\/p>\n<p class=\"article__paragraph\">FN:s organisation f\u00f6r migrant- och flyktingfr\u00e5gor, International Organization for Migration, betonar att migrationens v\u00e4rde ofta underskattas. Bland annat skickar migranter remitteringar till sina heml\u00e4nder, ofta l\u00e5g- eller medelinkomstl\u00e4nder, och den sammanlagda summan ber\u00e4knas bli rekordh\u00f6g \u2013 685 miljarder amerikanska dollar.\u00a0<\/p>\n","protected":false},"excerpt":{"rendered":"FN:s generalsekretare Ant\u00f3nio Guterres uppmanar inf\u00f6r internationella migrationsdagen den 18 december till en \u201dmigration v\u00e4rdig och s\u00e4ker f\u00f6r&hellip;\n","protected":false},"author":2,"featured_media":109907,"comment_status":"","ping_status":"","sticky":false,"template":"","format":"standard","meta":{"footnotes":""},"categories":[5],"tags":[22,23,26,27,2150,17,21,24,25,28,29,2815,15,16,18,34,31,33,32,30,19,20,12159],"class_list":{"0":"post-109906","1":"post","2":"type-post","3":"status-publish","4":"format-standard","5":"has-post-thumbnail","7":"category-rubriker","8":"tag-breaking-news","9":"tag-breakingnews","10":"tag-featured-news","11":"tag-featurednews","12":"tag-fn","13":"tag-headlines","14":"tag-huvudnyheter","15":"tag-latest-news","16":"tag-latestnews","17":"tag-main-news","18":"tag-mainnews","19":"tag-migration","20":"tag-news","21":"tag-nyheter","22":"tag-rubriker","23":"tag-se","24":"tag-svenska","25":"tag-sverige","26":"tag-sweden","27":"tag-swedish","28":"tag-top-stories","29":"tag-topstories","30":"tag-upphallstillstand"},"share_on_mastodon":{"url":"https:\/\/pubeurope.com\/@se\/115740369446734983","error":""},"_links":{"self":[{"href":"https:\/\/www.europesays.com\/se\/wp-json\/wp\/v2\/posts\/109906","targetHints":{"allow":["GET"]}}],"collection":[{"href":"https:\/\/www.europesays.com\/se\/wp-json\/wp\/v2\/posts"}],"about":[{"href":"https:\/\/www.europesays.com\/se\/wp-json\/wp\/v2\/types\/post"}],"author":[{"embeddable":true,"href":"https:\/\/www.europesays.com\/se\/wp-json\/wp\/v2\/users\/2"}],"replies":[{"embeddable":true,"href":"https:\/\/www.europesays.com\/se\/wp-json\/wp\/v2\/comments?post=109906"}],"version-history":[{"count":0,"href":"https:\/\/www.europesays.com\/se\/wp-json\/wp\/v2\/posts\/109906\/revisions"}],"wp:featuredmedia":[{"embeddable":true,"href":"https:\/\/www.europesays.com\/se\/wp-json\/wp\/v2\/media\/109907"}],"wp:attachment":[{"href":"https:\/\/www.europesays.com\/se\/wp-json\/wp\/v2\/media?parent=109906"}],"wp:term":[{"taxonomy":"category","embeddable":true,"href":"https:\/\/www.europesays.com\/se\/wp-json\/wp\/v2\/categories?post=109906"},{"taxonomy":"post_tag","embeddable":true,"href":"https:\/\/www.europesays.com\/se\/wp-json\/wp\/v2\/tags?post=109906"}],"curies":[{"name":"wp","href":"https:\/\/api.w.org\/{rel}","templated":true}]}}