{"id":109932,"date":"2025-12-18T11:55:10","date_gmt":"2025-12-18T11:55:10","guid":{"rendered":"https:\/\/www.europesays.com\/se\/109932\/"},"modified":"2025-12-18T11:55:10","modified_gmt":"2025-12-18T11:55:10","slug":"svagheten-som-forutspar-for-tidig-dod-ar-du-i-riskzonen","status":"publish","type":"post","link":"https:\/\/www.europesays.com\/se\/109932\/","title":{"rendered":"Svagheten som f\u00f6rutsp\u00e5r f\u00f6r tidig d\u00f6d \u2013 \u00e4r du i riskzonen?"},"content":{"rendered":"<p>Kopplat till l\u00e5ng livsl\u00e4ngd<\/p>\n<p>Studien unders\u00f6kte hur v\u00e4l 4 282 kvinnor och m\u00e4n i \u00e5ldrarna 46\u201375 kunde ta sig ner fr\u00e5n st\u00e5ende till sittande p\u00e5 golvet och d\u00e4refter resa sig upp igen, med s\u00e5 lite hj\u00e4lp som m\u00f6jligt fr\u00e5n h\u00e4nder, kn\u00e4n, m\u00f6bler eller andra personer.<\/p>\n<p>\u201cForskarna unders\u00f6kte inte exakt varf\u00f6r testen kan f\u00f6ruts\u00e4ga livsl\u00e4ngd, men den m\u00e4ter effektivt flera komponenter av icke-aerob fysisk f\u00f6rm\u00e5ga som tidigare forskning kopplat till l\u00e5ng livsl\u00e4ngd\u201d, s\u00e4ger studiens huvudf\u00f6rfattare <strong>Claudio Gil S. Ara\u00fajo<\/strong>, till <a href=\"https:\/\/www.health.com\/this-fitness-test-could-predict-your-longevity-11758686?utm_source=chatgpt.com\" rel=\"nofollow noopener\" target=\"_blank\">Health<\/a>.<\/p>\n<p>Fall \u2013 en vanlig d\u00f6dsorsak<\/p>\n<p>\u00d6verlag \u00e4r d\u00e5lig balans och svag muskelstyrka kopplat till m\u00e5nga risker. Varje \u00e5r faller fler \u00e4n 100 000 personer, 65 \u00e5r och \u00e4ldre, s\u00e5 illa att de beh\u00f6ver bes\u00f6ka sjukv\u00e5rden och cirka 70 000 beh\u00f6ver l\u00e4ggas in p\u00e5 sjukhus. Cirka 2 000 \u00e4ldre personer d\u00f6r, <a href=\"https:\/\/www.socialstyrelsen.se\/kunskapsstod-och-regler\/omraden\/aldre\/stod-i-arbetet--vard-och-omsorg-for-aldre-personer--utifran-amnesomraden\/fallolyckor\/?utm_source=chatgpt.com\" rel=\"nofollow noopener\" target=\"_blank\">enligt Socialstyrelsen<\/a>.<\/p>\n<p><img loading=\"lazy\" decoding=\"async\" width=\"1024\" height=\"512\" src=\"https:\/\/www.europesays.com\/se\/wp-content\/uploads\/2025\/12\/ZRuIvSZZ-Realtid-1024x512.jpg\" alt=\"Fallolycka\" class=\"wp-image-1167539\"  \/>De flesta fallolyckor sker i hemmet, enligt Socialstyrelsen. (Foto: Canva)<\/p>\n<p>En viktig faktor \u00e4r balans, s\u00e4rskilt i b\u00e5l- och magmuskulatur. <strong>Eva Ekvall Hansson<\/strong>, professor i fysioterapi vid Lunds universitet, menar att r\u00e4tt tr\u00e4ning kan g\u00f6ra stor skillnad.<\/p>\n<p>\u201cBalanstr\u00e4ning f\u00f6rb\u00e4ttrar kroppskontrollen, minskar risken f\u00f6r fallolyckor \u2013 och f\u00f6rb\u00e4ttrar v\u00e5r livskvalitet, har hon tidigare sagt i en intervju med <a href=\"http:\/\/balanstr\u00e4ning f\u00f6rb\u00e4ttrar kroppskontrollen, minskar risken f\u00f6r fallolyckor \u2013 och f\u00f6rb\u00e4ttrar v\u00e5r livskvalitet.\" rel=\"nofollow\">Osteoporosf\u00f6rbundet<\/a>.<\/p>\n<p><strong>MISSA INTE: <\/strong><a href=\"https:\/\/www.news55.se\/halsa\/sa-bryter-du-ensamheten-moten-som-forandrar-livet-for-dig-som-aldre\/\" rel=\"nofollow noopener\" target=\"_blank\">S\u00e5 bryter du ensamheten \u2013 m\u00f6ten som f\u00f6r\u00e4ndrar livet f\u00f6r dig som \u00e4ldre. News55<\/a><\/p>\n<p>\u00c4r du i riskzonen?<\/p>\n<p>F\u00f6r att bed\u00f6ma om du sj\u00e4lv befinner dig i riskzonen kan du utf\u00f6ra det s\u00e5 kallade sitting-rising-testet (SRT) hemma i vardagsrummet. S\u00e4tt dig ner p\u00e5 golvet och res dig upp igen, utan att ta st\u00f6d med h\u00e4nder, kn\u00e4n eller mot m\u00f6bler.<\/p>\n<p>Varje g\u00e5ng du beh\u00f6ver st\u00f6d dras po\u00e4ng av, liksom vid tydlig obalans. Testet m\u00e4ter i ett enda moment kroppens styrka, balans, r\u00f6rlighet och koordination.<\/p>\n<p>S\u00e5 g\u00f6r du testet:<\/p>\n<ul class=\"wp-block-list\">\n<li>St\u00e5 barfota p\u00e5 ett plant underlag, med gott om utrymme runt dig<\/li>\n<li>Korsa armarna \u00f6ver br\u00f6stet eller h\u00e5ll dem l\u00e4ngs sidorna (de f\u00e5r inte anv\u00e4ndas som st\u00f6d)<\/li>\n<li>S\u00e4tt dig ner p\u00e5 golvet i en kontrollerad r\u00f6relse<\/li>\n<li>F\u00f6rs\u00f6k att inte anv\u00e4nda h\u00e4nder, armb\u00e5gar, kn\u00e4n eller underarmar som st\u00f6d n\u00e4r du s\u00e4tter dig<\/li>\n<li>N\u00e4r du sitter stabilt p\u00e5 golvet, res dig upp igen till st\u00e5ende position<\/li>\n<li>F\u00f6rs\u00f6k \u00e4ven h\u00e4r att inte anv\u00e4nda h\u00e4nder, kn\u00e4n eller andra kroppsdelar som st\u00f6d.<\/li>\n<\/ul>\n<p><strong>Po\u00e4ngs\u00e4ttning (grundprincip):<\/strong><\/p>\n<ul class=\"wp-block-list\">\n<li>Du b\u00f6rjar med 10 po\u00e4ng<\/li>\n<li>Maxpo\u00e4ng \u00e4r 10 (5 po\u00e4ng f\u00f6r att s\u00e4tta sig + 5 po\u00e4ng f\u00f6r att resa sig).<\/li>\n<li>F\u00f6r varje g\u00e5ng du anv\u00e4nder en hand, ett kn\u00e4, en armb\u00e5ge eller liknande som st\u00f6d dras 1 po\u00e4ng av.<\/li>\n<li>Om du tappar balansen eller blir instabil dras 0,5 po\u00e4ng av.<\/li>\n<\/ul>\n<p>Inte \u00f6desbest\u00e4mt<\/p>\n<p>I studier har personer som hamnar i intervall 0 till 3 po\u00e4ng haft kraftigt f\u00f6rh\u00f6jd risk f\u00f6r f\u00f6rtida d\u00f6d j\u00e4mf\u00f6rt med dem med h\u00f6ga po\u00e4ng.<\/p>\n<p>Ett l\u00e5gt resultat i testet \u00e4r dock inte \u00f6desbest\u00e4mt. Forskning visar att b\u00e5de balans, styrka och r\u00f6rlighet kan f\u00f6rb\u00e4ttras med riktad tr\u00e4ning, \u00e4ven h\u00f6gt upp i \u00e5ldrarna \u2013 vilket i sin tur minskar risken f\u00f6r fall och skador.<\/p>\n<p><strong>L\u00c4S \u00c4VEN: <\/strong><\/p>\n<p><a href=\"https:\/\/www.news55.se\/privatekonomi\/rapport-billigare-mat-i-sverige-an-i-grannlanderna\/\" rel=\"nofollow noopener\" target=\"_blank\">Rapport: Billigare mat i Sverige \u00e4n i grannl\u00e4nderna. News55<\/a><\/p>\n<p><a href=\"https:\/\/www.news55.se\/privatekonomi\/pensionen-racker-inte-till-tusentals-tar-osakra-fran-framlingar-pa-facebook\/\" rel=\"nofollow noopener\" target=\"_blank\">Larmet: Tusentals tar os\u00e4kra l\u00e5n fr\u00e5n fr\u00e4mlingar \u2013 p\u00e5 Facebook. News55<\/a><\/p>\n<p><a href=\"https:\/\/www.news55.se\/samhalle\/90-okanda-skrev-sig-pa-hennes-stuga-nu-stammer-hon-staten\/\" rel=\"nofollow noopener\" target=\"_blank\">90 ok\u00e4nda skrev sig p\u00e5 hennes stuga \u2013 nu st\u00e4mmer hon staten. News55<\/a><\/p>\n<p>L\u00e4s mer fr\u00e5n News55 &#8211; v\u00e5rt nyhetsbrev \u00e4r kostnadsfritt:Prenumerera<\/p>\n","protected":false},"excerpt":{"rendered":"Kopplat till l\u00e5ng livsl\u00e4ngd Studien unders\u00f6kte hur v\u00e4l 4 282 kvinnor och m\u00e4n i \u00e5ldrarna 46\u201375 kunde ta&hellip;\n","protected":false},"author":2,"featured_media":109933,"comment_status":"","ping_status":"","sticky":false,"template":"","format":"standard","meta":{"footnotes":""},"categories":[69],"tags":[5444,12160,113,112,12161,12162,12163,34,12164,31,33,32,30,331],"class_list":{"0":"post-109932","1":"post","2":"type-post","3":"status-publish","4":"format-standard","5":"has-post-thumbnail","7":"category-halsa","8":"tag-aldre","9":"tag-dodlighet","10":"tag-halsa","11":"tag-health","12":"tag-muskler","13":"tag-pensionarer","14":"tag-risk","15":"tag-se","16":"tag-seniorer","17":"tag-svenska","18":"tag-sverige","19":"tag-sweden","20":"tag-swedish","21":"tag-traning"},"share_on_mastodon":{"url":"https:\/\/pubeurope.com\/@se\/115740444430072370","error":""},"_links":{"self":[{"href":"https:\/\/www.europesays.com\/se\/wp-json\/wp\/v2\/posts\/109932","targetHints":{"allow":["GET"]}}],"collection":[{"href":"https:\/\/www.europesays.com\/se\/wp-json\/wp\/v2\/posts"}],"about":[{"href":"https:\/\/www.europesays.com\/se\/wp-json\/wp\/v2\/types\/post"}],"author":[{"embeddable":true,"href":"https:\/\/www.europesays.com\/se\/wp-json\/wp\/v2\/users\/2"}],"replies":[{"embeddable":true,"href":"https:\/\/www.europesays.com\/se\/wp-json\/wp\/v2\/comments?post=109932"}],"version-history":[{"count":0,"href":"https:\/\/www.europesays.com\/se\/wp-json\/wp\/v2\/posts\/109932\/revisions"}],"wp:featuredmedia":[{"embeddable":true,"href":"https:\/\/www.europesays.com\/se\/wp-json\/wp\/v2\/media\/109933"}],"wp:attachment":[{"href":"https:\/\/www.europesays.com\/se\/wp-json\/wp\/v2\/media?parent=109932"}],"wp:term":[{"taxonomy":"category","embeddable":true,"href":"https:\/\/www.europesays.com\/se\/wp-json\/wp\/v2\/categories?post=109932"},{"taxonomy":"post_tag","embeddable":true,"href":"https:\/\/www.europesays.com\/se\/wp-json\/wp\/v2\/tags?post=109932"}],"curies":[{"name":"wp","href":"https:\/\/api.w.org\/{rel}","templated":true}]}}