{"id":109969,"date":"2025-12-18T12:29:08","date_gmt":"2025-12-18T12:29:08","guid":{"rendered":"https:\/\/www.europesays.com\/se\/109969\/"},"modified":"2025-12-18T12:29:08","modified_gmt":"2025-12-18T12:29:08","slug":"lokala-foretag-far-hjalp-att-minska-sitt-klimatavtryck-och-starka-sin-konkurrenskraft","status":"publish","type":"post","link":"https:\/\/www.europesays.com\/se\/109969\/","title":{"rendered":"Lokala f\u00f6retag f\u00e5r hj\u00e4lp att minska sitt klimatavtryck och st\u00e4rka sin konkurrenskraft"},"content":{"rendered":"<p class=\"font-normal\">\u2013 Jag tr\u00e4ffar m\u00e5nga f\u00f6retagare som uttrycker en vilja att vara mer h\u00e5llbara, men som inte vet hur de ska b\u00f6rja. De m\u00f6ter allt st\u00f6rre h\u00e5llbarhetskrav, b\u00e5de i upphandlingar och fr\u00e5n st\u00f6rre akt\u00f6rer som st\u00e4ller krav p\u00e5 sina leverant\u00f6rer. F\u00f6retagen beh\u00f6ver d\u00e4rf\u00f6r st\u00f6d f\u00f6r att f\u00f6rst\u00e5 hur de kan arbeta mer cirkul\u00e4rt i sin verksamhet. V\u00e5rt m\u00e5l \u00e4r att projektet ska hj\u00e4lpa lokala f\u00f6retag att f\u00f6rst\u00e5 kraven, h\u00f6ja sin kompetens och kunna konkurrera p\u00e5 den arenan, ber\u00e4ttar Maria Ahlin, verksamhetsledare och initiativtagare p\u00e5 Nyf\u00f6retagarcentrum i Str\u00e4ngn\u00e4s.<\/p>\n<p class=\"font-normal\">Utbildning och coachning f\u00f6r de f\u00f6retag som deltar kommer Oskar Mineur att h\u00e5lla i \u00e5t Nyf\u00f6retagarcentrum. Coachningen bygger p\u00e5 cirkul\u00e4ra principer och strategier f\u00f6r resursbesparing.<\/p>\n","protected":false},"excerpt":{"rendered":"\u2013 Jag tr\u00e4ffar m\u00e5nga f\u00f6retagare som uttrycker en vilja att vara mer h\u00e5llbara, men som inte vet hur&hellip;\n","protected":false},"author":2,"featured_media":109970,"comment_status":"","ping_status":"","sticky":false,"template":"","format":"standard","meta":{"footnotes":""},"categories":[12],"tags":[22,23,26,27,17,21,24,25,28,29,15,16,18,34,1546,31,33,32,30,19,20],"class_list":{"0":"post-109969","1":"post","2":"type-post","3":"status-publish","4":"format-standard","5":"has-post-thumbnail","7":"category-sverige","8":"tag-breaking-news","9":"tag-breakingnews","10":"tag-featured-news","11":"tag-featurednews","12":"tag-headlines","13":"tag-huvudnyheter","14":"tag-latest-news","15":"tag-latestnews","16":"tag-main-news","17":"tag-mainnews","18":"tag-news","19":"tag-nyheter","20":"tag-rubriker","21":"tag-se","22":"tag-strangnas","23":"tag-svenska","24":"tag-sverige","25":"tag-sweden","26":"tag-swedish","27":"tag-top-stories","28":"tag-topstories"},"share_on_mastodon":{"url":"https:\/\/pubeurope.com\/@se\/115740577905981788","error":""},"_links":{"self":[{"href":"https:\/\/www.europesays.com\/se\/wp-json\/wp\/v2\/posts\/109969","targetHints":{"allow":["GET"]}}],"collection":[{"href":"https:\/\/www.europesays.com\/se\/wp-json\/wp\/v2\/posts"}],"about":[{"href":"https:\/\/www.europesays.com\/se\/wp-json\/wp\/v2\/types\/post"}],"author":[{"embeddable":true,"href":"https:\/\/www.europesays.com\/se\/wp-json\/wp\/v2\/users\/2"}],"replies":[{"embeddable":true,"href":"https:\/\/www.europesays.com\/se\/wp-json\/wp\/v2\/comments?post=109969"}],"version-history":[{"count":0,"href":"https:\/\/www.europesays.com\/se\/wp-json\/wp\/v2\/posts\/109969\/revisions"}],"wp:featuredmedia":[{"embeddable":true,"href":"https:\/\/www.europesays.com\/se\/wp-json\/wp\/v2\/media\/109970"}],"wp:attachment":[{"href":"https:\/\/www.europesays.com\/se\/wp-json\/wp\/v2\/media?parent=109969"}],"wp:term":[{"taxonomy":"category","embeddable":true,"href":"https:\/\/www.europesays.com\/se\/wp-json\/wp\/v2\/categories?post=109969"},{"taxonomy":"post_tag","embeddable":true,"href":"https:\/\/www.europesays.com\/se\/wp-json\/wp\/v2\/tags?post=109969"}],"curies":[{"name":"wp","href":"https:\/\/api.w.org\/{rel}","templated":true}]}}