{"id":109981,"date":"2025-12-18T12:36:26","date_gmt":"2025-12-18T12:36:26","guid":{"rendered":"https:\/\/www.europesays.com\/se\/109981\/"},"modified":"2025-12-18T12:36:26","modified_gmt":"2025-12-18T12:36:26","slug":"8-sidor-mote-om-fred-i-ukraina","status":"publish","type":"post","link":"https:\/\/www.europesays.com\/se\/109981\/","title":{"rendered":"8 Sidor &#8211; M\u00f6te om fred i Ukraina"},"content":{"rendered":"<p>M\u00e5nga viktiga ledare<br \/>\u00e4r p\u00e5 ett m\u00f6te<br \/>i staden Berlin i Tyskland.<br \/>De pratar om fred i kriget<br \/>mellan Ryssland och Ukraina.<br \/>Det har varit krig<br \/>i n\u00e4stan fyra \u00e5r.<\/p>\n<p>Sveriges statsminister<br \/>Ulf Kristersson \u00e4r p\u00e5 m\u00f6tet.<br \/>Han s\u00e4ger att m\u00f6tet g\u00e5r bra.<\/p>\n<p>Men det \u00e4r m\u00e5nga<br \/>sv\u00e5ra fr\u00e5gor kvar att l\u00f6sa.<br \/>Ska Ukraina ge omr\u00e5den<br \/>till Ryssland?<br \/>Vill Ryssland ha fred?<\/p>\n<p>Ukrainas ledare<br \/>Volodymyr Zelenskyj<br \/>vill inte ge omr\u00e5det Donbass<br \/>till Ryssland.<br \/>Men USA s\u00e4ger p\u00e5 m\u00f6tet<br \/>att Ukraina borde g\u00f6ra det.<\/p>\n<p>Ledare fr\u00e5n Europa s\u00e4ger<br \/>att de har ett f\u00f6rslag<br \/>om att ordna<br \/>med milit\u00e4rer i Ukraina<br \/>om det blir fred.<br \/>USA ska ocks\u00e5 hj\u00e4lpa till.<\/p>\n<p>Milit\u00e4rerna ska vakta freden.<br \/>De ska hj\u00e4lpa till<br \/>att bygga upp landet igen.<\/p>\n<p>M\u00f6tet i Berlin forts\u00e4tter<br \/>i flera dagar till.<\/p>\n<p>8 SIDOR\/TT<\/p>\n","protected":false},"excerpt":{"rendered":"M\u00e5nga viktiga ledare\u00e4r p\u00e5 ett m\u00f6tei staden Berlin i Tyskland.De pratar om fred i krigetmellan Ryssland och Ukraina.Det&hellip;\n","protected":false},"author":2,"featured_media":109982,"comment_status":"","ping_status":"","sticky":false,"template":"","format":"standard","meta":{"footnotes":""},"categories":[14],"tags":[22,23,26,27,17,21,24,25,28,29,15,16,18,34,31,33,32,30,19,20,51,52,53,54],"class_list":{"0":"post-109981","1":"post","2":"type-post","3":"status-publish","4":"format-standard","5":"has-post-thumbnail","7":"category-varlden","8":"tag-breaking-news","9":"tag-breakingnews","10":"tag-featured-news","11":"tag-featurednews","12":"tag-headlines","13":"tag-huvudnyheter","14":"tag-latest-news","15":"tag-latestnews","16":"tag-main-news","17":"tag-mainnews","18":"tag-news","19":"tag-nyheter","20":"tag-rubriker","21":"tag-se","22":"tag-svenska","23":"tag-sverige","24":"tag-sweden","25":"tag-swedish","26":"tag-top-stories","27":"tag-topstories","28":"tag-varlden","29":"tag-world","30":"tag-world-news","31":"tag-worldnews"},"share_on_mastodon":{"url":"https:\/\/pubeurope.com\/@se\/115740605429542037","error":""},"_links":{"self":[{"href":"https:\/\/www.europesays.com\/se\/wp-json\/wp\/v2\/posts\/109981","targetHints":{"allow":["GET"]}}],"collection":[{"href":"https:\/\/www.europesays.com\/se\/wp-json\/wp\/v2\/posts"}],"about":[{"href":"https:\/\/www.europesays.com\/se\/wp-json\/wp\/v2\/types\/post"}],"author":[{"embeddable":true,"href":"https:\/\/www.europesays.com\/se\/wp-json\/wp\/v2\/users\/2"}],"replies":[{"embeddable":true,"href":"https:\/\/www.europesays.com\/se\/wp-json\/wp\/v2\/comments?post=109981"}],"version-history":[{"count":0,"href":"https:\/\/www.europesays.com\/se\/wp-json\/wp\/v2\/posts\/109981\/revisions"}],"wp:featuredmedia":[{"embeddable":true,"href":"https:\/\/www.europesays.com\/se\/wp-json\/wp\/v2\/media\/109982"}],"wp:attachment":[{"href":"https:\/\/www.europesays.com\/se\/wp-json\/wp\/v2\/media?parent=109981"}],"wp:term":[{"taxonomy":"category","embeddable":true,"href":"https:\/\/www.europesays.com\/se\/wp-json\/wp\/v2\/categories?post=109981"},{"taxonomy":"post_tag","embeddable":true,"href":"https:\/\/www.europesays.com\/se\/wp-json\/wp\/v2\/tags?post=109981"}],"curies":[{"name":"wp","href":"https:\/\/api.w.org\/{rel}","templated":true}]}}