{"id":109995,"date":"2025-12-18T12:44:12","date_gmt":"2025-12-18T12:44:12","guid":{"rendered":"https:\/\/www.europesays.com\/se\/109995\/"},"modified":"2025-12-18T12:44:12","modified_gmt":"2025-12-18T12:44:12","slug":"sex-man-doms-for-inblandning-i-illegala-cigarettfabriken-i-lovanger","status":"publish","type":"post","link":"https:\/\/www.europesays.com\/se\/109995\/","title":{"rendered":"Sex m\u00e4n d\u00f6ms f\u00f6r inblandning i illegala cigarettfabriken i L\u00f6v\u00e5nger"},"content":{"rendered":"<p>I slutet av juli avsl\u00f6jades en <a href=\"https:\/\/www.svt.se\/nyheter\/lokalt\/vasterbotten\/uppgifter-brandkaren-klev-rakt-in-i-illegal-cigarettfabrik-i-lovanger\" data-discover=\"true\" rel=\"nofollow noopener\" target=\"_blank\">omfattande illegal cigarettillverkning i en nedlagd mejeribyggnad i L\u00f6v\u00e5nger<\/a>, s\u00f6der om Skellefte\u00e5. Det efter att r\u00e4ddningstj\u00e4nsten kallats till en brand i byggnaden.<\/p>\n<p>Under sl\u00e4ckningsarbetet uppt\u00e4cktes stora m\u00e4ngder tobak och produktionsutrustning. Enligt \u00e5klagaren var det en komplett cigarettfabrik med maskiner, l\u00f6pande band och tobaksvaror. I byggnaden f\u00f6rvarades omkring 17 ton r\u00f6ktobak och \u00f6ver 2,1 miljoner cigaretter.<\/p>\n<p>Spanade i tv\u00e5 \u00e5r<\/p>\n<p>Ekobrottsmyndigheten hade haft span p\u00e5 verksamheten under tv\u00e5 \u00e5r. I och med branden blev ett tillslag n\u00f6dv\u00e4ndigt f\u00f6r att kunna s\u00e4kra bevismaterial.<\/p>\n<p>\u2013 Vi var n\u00e4ra att sl\u00e5 till mot fabriken redan innan branden, sa Louise Ahlmark, \u00e5klagare vid Ekobrottsmyndigheten, tidigare till SVT.<\/p>\n<p>Kort efter branden greps tre m\u00e4n f\u00f6ljt av ytterligare gripanden under h\u00f6sten. I november \u00e5talades totalt sex m\u00e4n. Tv\u00e5 av dem \u00e4r svenska medborgare, de \u00f6vriga utl\u00e4ndska medborgare. <\/p>\n<p>Fem av sex f\u00e5r f\u00e4ngelse<\/p>\n<p>Skellefte\u00e5 tingsr\u00e4tt d\u00f6mer nu fem av m\u00e4nnen till f\u00e4ngelse. Fyra av dem \u00e4r hemmah\u00f6rande i Lettland, Belarus och Litauen. De d\u00f6ms f\u00f6r grov olovlig befattning med punktskattepliktiga varor och straffas med f\u00e4ngelse i tv\u00e5 respektive tre \u00e5r. M\u00e4nnen ska efter avtj\u00e4nat straff utvisas fr\u00e5n Sverige. De f\u00f6rbjuds att \u00e5terv\u00e4nda.<\/p>\n<p>De tv\u00e5 andra m\u00e4nnen d\u00f6ms f\u00f6r medhj\u00e4lp till samma brott. En av dem beskrivs i domen som en mellanhand och straffas med ett \u00e5rs f\u00e4ngelse. <\/p>\n<p>\u00c4garen av fastigheten, en man i 70-\u00e5rs\u00e5ldern som \u00e4r hemmah\u00f6rande i V\u00e4sterbotten, h\u00e4vdar att han inte f\u00f6rstod att den gamla mejeribyggnaden anv\u00e4ndes till olaglig tillverkning av cigaretter. Skellefte\u00e5 tingsr\u00e4tt menar att han m\u00e5ste han ha f\u00f6rst\u00e5tt. <\/p>\n<p>Fastighets\u00e4garen slipper f\u00e4ngelse<\/p>\n<p>\u00c4ven 70-\u00e5ringen kunde ha d\u00f6mts till ett \u00e5rs f\u00e4ngelse. Men tingsr\u00e4tten bed\u00f6mer med h\u00e4nvisning till mannens sviktande h\u00e4lsa att skyddstillsyn kombinerat med samh\u00e4llstj\u00e4nst \u00e4r ett rimligare straff.<\/p>\n<p>\u00c5klagaren hade \u00e5talat de fem m\u00e4nnen f\u00f6r grovt skattebrott, olovlig befattning med punktskattepliktiga varor var ett andrahandsyrkande. \u00c5klagaren bed\u00f6mde i samband med r\u00e4tteg\u00e5ngen att straffv\u00e4rdet var ungef\u00e4r fem \u00e5rs f\u00e4ngelse. <\/p>\n","protected":false},"excerpt":{"rendered":"I slutet av juli avsl\u00f6jades en omfattande illegal cigarettillverkning i en nedlagd mejeribyggnad i L\u00f6v\u00e5nger, s\u00f6der om Skellefte\u00e5.&hellip;\n","protected":false},"author":2,"featured_media":109996,"comment_status":"","ping_status":"","sticky":false,"template":"","format":"standard","meta":{"footnotes":""},"categories":[14],"tags":[22,23,26,27,17,21,24,25,28,29,15,16,18,34,31,33,32,30,19,20,51,52,53,54],"class_list":{"0":"post-109995","1":"post","2":"type-post","3":"status-publish","4":"format-standard","5":"has-post-thumbnail","7":"category-varlden","8":"tag-breaking-news","9":"tag-breakingnews","10":"tag-featured-news","11":"tag-featurednews","12":"tag-headlines","13":"tag-huvudnyheter","14":"tag-latest-news","15":"tag-latestnews","16":"tag-main-news","17":"tag-mainnews","18":"tag-news","19":"tag-nyheter","20":"tag-rubriker","21":"tag-se","22":"tag-svenska","23":"tag-sverige","24":"tag-sweden","25":"tag-swedish","26":"tag-top-stories","27":"tag-topstories","28":"tag-varlden","29":"tag-world","30":"tag-world-news","31":"tag-worldnews"},"share_on_mastodon":{"url":"https:\/\/pubeurope.com\/@se\/115740636880931089","error":""},"_links":{"self":[{"href":"https:\/\/www.europesays.com\/se\/wp-json\/wp\/v2\/posts\/109995","targetHints":{"allow":["GET"]}}],"collection":[{"href":"https:\/\/www.europesays.com\/se\/wp-json\/wp\/v2\/posts"}],"about":[{"href":"https:\/\/www.europesays.com\/se\/wp-json\/wp\/v2\/types\/post"}],"author":[{"embeddable":true,"href":"https:\/\/www.europesays.com\/se\/wp-json\/wp\/v2\/users\/2"}],"replies":[{"embeddable":true,"href":"https:\/\/www.europesays.com\/se\/wp-json\/wp\/v2\/comments?post=109995"}],"version-history":[{"count":0,"href":"https:\/\/www.europesays.com\/se\/wp-json\/wp\/v2\/posts\/109995\/revisions"}],"wp:featuredmedia":[{"embeddable":true,"href":"https:\/\/www.europesays.com\/se\/wp-json\/wp\/v2\/media\/109996"}],"wp:attachment":[{"href":"https:\/\/www.europesays.com\/se\/wp-json\/wp\/v2\/media?parent=109995"}],"wp:term":[{"taxonomy":"category","embeddable":true,"href":"https:\/\/www.europesays.com\/se\/wp-json\/wp\/v2\/categories?post=109995"},{"taxonomy":"post_tag","embeddable":true,"href":"https:\/\/www.europesays.com\/se\/wp-json\/wp\/v2\/tags?post=109995"}],"curies":[{"name":"wp","href":"https:\/\/api.w.org\/{rel}","templated":true}]}}