{"id":11000,"date":"2025-08-22T10:08:30","date_gmt":"2025-08-22T10:08:30","guid":{"rendered":"https:\/\/www.europesays.com\/se\/11000\/"},"modified":"2025-08-22T10:08:30","modified_gmt":"2025-08-22T10:08:30","slug":"noa-jakubowski-malarvattnet-droppe-for-droppe","status":"publish","type":"post","link":"https:\/\/www.europesays.com\/se\/11000\/","title":{"rendered":"Noa Jakubowski: M\u00e4larvattnet droppe f\u00f6r droppe"},"content":{"rendered":"<p class=\"has-drop-cap\">Stockholm Vatten och Avfall (SVOA) gick f\u00f6rra veckan ut med <a href=\"https:\/\/www.sverigesradio.se\/artikel\/akut-vattenbrist-i-stockholm-uppmaningen-till-invanarna\" rel=\"nofollow noopener\" target=\"_blank\">en varning<\/a> till hela Stockholm, Huddinge och en handfull grannkommuner. P\u00e5 grund av ovanligt h\u00f6ga temperaturer i M\u00e4laren uppmanade man inv\u00e5narna i de ber\u00f6rda omr\u00e5dena att minska sin vattenkonsumtion, f\u00f6r att inte riskera att dricksvattnet tar slut. Under de n\u00e4rmaste veckorna b\u00f6r man d\u00e4rf\u00f6r ta korta duschar, avst\u00e5 fr\u00e5n att bada i badkar, inte fylla poolen och endast vattna gr\u00e4s och blommor kv\u00e4llstid.\u00a0<\/p>\n<p>Att M\u00e4laren \u00e4r s\u00e5 varm \u00e4r sannolikt en f\u00f6ljd av klimatf\u00f6r\u00e4ndringarna, och d\u00e4rf\u00f6r kan vi r\u00e4kna med att situationen kommer att f\u00f6rv\u00e4rras \u00f6ver tid. Det g\u00e4ller inte bara Stockholms och grannkommunernas vattenf\u00f6rs\u00f6rjning. <\/p>\n<p>Den humanit\u00e4ra hj\u00e4lporganisationen Mercy Corps uppm\u00e4rksammade i sin <a href=\"https:\/\/europe.mercycorps.org\/en-gb\/research-resources\/kabuls-water-crisis\" rel=\"nofollow noopener\" target=\"_blank\">rapport<\/a> i maj att Kabul som f\u00f6rsta moderna stad riskerar att f\u00e5 slut p\u00e5 vatten redan 2030. Enligt UNICEF \u00e4r h\u00e4lften av stadens brunnar redan torrlagda. Trots att talibanerna <a href=\"https:\/\/8am.media\/eng\/kabuls-water-crisis-uncertainty-surrounds-talibans-agenda-at-un-climate-conference\/?t\" rel=\"nofollow noopener\" target=\"_blank\">ser klimatf\u00f6r\u00e4ndringarna<\/a> som antingen guds vilja eller en utl\u00e4ndsk konspiration, frekventerar de ofta FN:s klimatkonferenser. Deras pragmatism \u00f6verraskar.\u00a0<\/p>\n<p>I Iran har f\u00f6retr\u00e4dare f\u00f6r regimen varnat f\u00f6r att huvudstaden Teheran och dess tio miljoner inv\u00e5nare riskerar att f\u00e5 slut p\u00e5 vatten inom n\u00e5gra veckor, <a href=\"https:\/\/www.npr.org\/2025\/08\/17\/nx-s1-5500318\/iranian-officials-warn-tehran-could-run-out-of-water-in-weeks-amidst-massive-drought\" rel=\"nofollow noopener\" target=\"_blank\">enligt Jackie Northam, NPR<\/a>.\u00a0<\/p>\n<p>Som svar erbj\u00f6d <a href=\"https:\/\/www.youtube.com\/watch?v=OcxxHS1vU5s\" rel=\"nofollow noopener\" target=\"_blank\">Benjamin Netanyahu<\/a> \u2013 p\u00e5 engelska via sin officiella YouTube-kanal \u2013 det stolta iranska folket en flodv\u00e5g av israeliska vattenreningsexperter i utbyte mot folklig resning. Han lockade med v\u00e5ta dr\u00f6mbilder av vattenskidor p\u00e5 Karadj-dammen och promenad med k\u00e4restan hand i hand l\u00e4ngst en i dag uttorkad men efter revolutionen vital flod. Israel har faktiskt i tio \u00e5r drivit en telegramkanal p\u00e5 farsi i syfte att hj\u00e4lpa iranier att hantera vattenrening p\u00e5 egen hand, p\u00e5pekade Bibi.\u00a0<\/p>\n<p>Om inte vattnet kommer till Iran s\u00e5 kanske Iran kommer till\u2026 Israel? Typ. Varf\u00f6r inte. Israel \u00e4r v\u00e4rldsledande i vattenrening. D\u00e4r \u00e5teranv\u00e4nds 86 procent av avloppsvattnet till jordbruk, och Israel \u00e4r f\u00f6delseplatsen f\u00f6r Simcha och Yeshayahu Blass \u2013 fadern och sonen som uppfann droppbevattning. Det \u00e4r en metod som anv\u00e4nder mindre vatten mer effektivt genom att bevattna endast de relevanta omr\u00e5dena kring gr\u00f6dornas r\u00f6tter, och tack vare det sparar stora m\u00e4ngder vatten j\u00e4mf\u00f6rt med andra metoder.\u00a0<\/p>\n<p>Den kn\u00e4ppe fuckup-sonen Connor Roy i Succession <a href=\"https:\/\/quotecatalog.com\/quote\/jesse-armstrong-i-have-five-far-aVWjD31\/\" rel=\"nofollow noopener\" target=\"_blank\">f\u00f6rklarade i s\u00e4song 1<\/a> att han hade k\u00f6pt fem stora g\u00e5rdar, och att det under allihopa l\u00e5g en gigantisk, underjordisk sj\u00f6. Det betydde, sa han, att vattnet var hans. Och det \u00e4r v\u00e4ldigt viktigt f\u00f6r att en dag kommer vatten att vara mer v\u00e4rdefullt \u00e4n guld, och folk kommer att d\u00f6da varandra f\u00f6r att f\u00e5 tag i det. Intressant! <\/p>\n<p>Men vad kan vi g\u00f6ra? F\u00f6rutom att ta en snabbdusch och skita i badkaret (n\u00e5got stockholmarna faktiskt redan g\u00f6r, <a href=\"https:\/\/www.sverigesradio.se\/artikel\/stockholmarna-har-lyssnat-vattenforbrukningen-ar-lagre\" rel=\"nofollow noopener\" target=\"_blank\">enligt Johanna Ansker p\u00e5 S<\/a>VOA) \u00e4r det klokt att st\u00e4rka infrastrukturen kring M\u00e4laren, f\u00f6rb\u00e4ttra vattenrenings- och \u00e5tervinningstekniker och \u2013 varf\u00f6r inte, som talibanerna \u2013 be gud om en l\u00f6sning, men handla som om han inte existerar. <\/p>\n<p class=\"has-drop-cap\">Stockholm Vatten och Avfall (SVOA) gick f\u00f6rra veckan ut med <a href=\"https:\/\/www.sverigesradio.se\/artikel\/akut-vattenbrist-i-stockholm-uppmaningen-till-invanarna\" rel=\"nofollow noopener\" target=\"_blank\">en varning<\/a> till hela Stockholm, Huddinge och en handfull grannkommuner. P\u00e5 grund av ovanligt h\u00f6ga temperaturer i M\u00e4laren uppmanade man inv\u00e5narna i de ber\u00f6rda omr\u00e5dena att minska sin vattenkonsumtion, f\u00f6r att inte riskera att dricksvattnet tar slut. Under de n\u00e4rmaste veckorna b\u00f6r man d\u00e4rf\u00f6r ta korta duschar, avst\u00e5 fr\u00e5n att bada i badkar, inte fylla poolen och endast vattna gr\u00e4s och blommor kv\u00e4llstid.\u00a0<\/p>\n<p>Att M\u00e4laren \u00e4r s\u00e5 varm \u00e4r sannolikt en f\u00f6ljd av klimatf\u00f6r\u00e4ndringarna, och d\u00e4rf\u00f6r kan vi r\u00e4kna med att situationen kommer att f\u00f6rv\u00e4rras \u00f6ver tid. Det g\u00e4ller inte bara Stockholms och grannkommunernas vattenf\u00f6rs\u00f6rjning. <\/p>\n<p>Den humanit\u00e4ra hj\u00e4lporganisationen Mercy Corps uppm\u00e4rksammade i sin <a href=\"https:\/\/europe.mercycorps.org\/en-gb\/research-resources\/kabuls-water-crisis\" rel=\"nofollow noopener\" target=\"_blank\">rapport<\/a> i maj att Kabul som f\u00f6rsta moderna stad riskerar att f\u00e5 slut p\u00e5 vatten redan 2030. Enligt UNICEF \u00e4r h\u00e4lften av stadens brunnar redan torrlagda. Trots att talibanerna <a href=\"https:\/\/8am.media\/eng\/kabuls-water-crisis-uncertainty-surrounds-talibans-agenda-at-un-climate-conference\/?t\" rel=\"nofollow noopener\" target=\"_blank\">ser klimatf\u00f6r\u00e4ndringarna<\/a> som antingen guds vilja eller en utl\u00e4ndsk konspiration, frekventerar de ofta FN:s klimatkonferenser. Deras pragmatism \u00f6verraskar.\u00a0<\/p>\n<p>I Iran har f\u00f6retr\u00e4dare f\u00f6r regimen varnat f\u00f6r att huvudstaden Teheran och dess tio miljoner inv\u00e5nare riskerar att f\u00e5 slut p\u00e5 vatten inom n\u00e5gra veckor, <a href=\"https:\/\/www.npr.org\/2025\/08\/17\/nx-s1-5500318\/iranian-officials-warn-tehran-could-run-out-of-water-in-weeks-amidst-massive-drought\" rel=\"nofollow noopener\" target=\"_blank\">enligt Jackie Northam, NPR<\/a>.\u00a0<\/p>\n<p>Som svar erbj\u00f6d <a href=\"https:\/\/www.youtube.com\/watch?v=OcxxHS1vU5s\" rel=\"nofollow noopener\" target=\"_blank\">Benjamin Netanyahu<\/a> \u2013 p\u00e5 engelska via sin officiella YouTube-kanal \u2013 det stolta iranska folket en flodv\u00e5g av israeliska vattenreningsexperter i utbyte mot folklig resning. Han lockade med v\u00e5ta dr\u00f6mbilder av vattenskidor p\u00e5 Karadj-dammen och promenad med k\u00e4restan hand i hand l\u00e4ngst en i dag uttorkad men efter revolutionen vital flod. Israel har faktiskt i tio \u00e5r drivit en telegramkanal p\u00e5 farsi i syfte att hj\u00e4lpa iranier att hantera vattenrening p\u00e5 egen hand, p\u00e5pekade Bibi.\u00a0<\/p>\n<p>Om inte vattnet kommer till Iran s\u00e5 kanske Iran kommer till\u2026 Israel? Typ. Varf\u00f6r inte. Israel \u00e4r v\u00e4rldsledande i vattenrening. D\u00e4r \u00e5teranv\u00e4nds 86 procent av avloppsvattnet till jordbruk, och Israel \u00e4r f\u00f6delseplatsen f\u00f6r Simcha och Yeshayahu Blass \u2013 fadern och sonen som uppfann droppbevattning. Det \u00e4r en metod som anv\u00e4nder mindre vatten mer effektivt genom att bevattna endast de relevanta omr\u00e5dena kring gr\u00f6dornas r\u00f6tter, och tack vare det sparar stora m\u00e4ngder vatten j\u00e4mf\u00f6rt med andra metoder.\u00a0<\/p>\n<p>Den kn\u00e4ppe fuckup-sonen Connor Roy i Succession <a href=\"https:\/\/quotecatalog.com\/quote\/jesse-armstrong-i-have-five-far-aVWjD31\/\" rel=\"nofollow noopener\" target=\"_blank\">f\u00f6rklarade i s\u00e4song 1<\/a> att han hade k\u00f6pt fem stora g\u00e5rdar, och att det under allihopa l\u00e5g en gigantisk, underjordisk sj\u00f6. Det betydde, sa han, att vattnet var hans. Och det \u00e4r v\u00e4ldigt viktigt f\u00f6r att en dag kommer vatten att vara mer v\u00e4rdefullt \u00e4n guld, och folk kommer att d\u00f6da varandra f\u00f6r att f\u00e5 tag i det. Intressant! <\/p>\n<p>Men vad kan vi g\u00f6ra? F\u00f6rutom att ta en snabbdusch och skita i badkaret (n\u00e5got stockholmarna faktiskt redan g\u00f6r, <a href=\"https:\/\/www.sverigesradio.se\/artikel\/stockholmarna-har-lyssnat-vattenforbrukningen-ar-lagre\" rel=\"nofollow noopener\" target=\"_blank\">enligt Johanna Ansker p\u00e5 S<\/a>VOA) \u00e4r det klokt att st\u00e4rka infrastrukturen kring M\u00e4laren, f\u00f6rb\u00e4ttra vattenrenings- och \u00e5tervinningstekniker och \u2013 varf\u00f6r inte, som talibanerna \u2013 be gud om en l\u00f6sning, men handla som om han inte existerar.   <\/p>\n","protected":false},"excerpt":{"rendered":"Stockholm Vatten och Avfall (SVOA) gick f\u00f6rra veckan ut med en varning till hela Stockholm, Huddinge och en&hellip;\n","protected":false},"author":2,"featured_media":11001,"comment_status":"","ping_status":"","sticky":false,"template":"","format":"standard","meta":{"footnotes":""},"categories":[5],"tags":[22,23,1529,26,27,17,21,1530,342,622,1531,24,25,28,29,1532,15,16,369,18,34,31,33,32,30,1533,19,20,1534],"class_list":{"0":"post-11000","1":"post","2":"type-post","3":"status-publish","4":"format-standard","5":"has-post-thumbnail","7":"category-rubriker","8":"tag-breaking-news","9":"tag-breakingnews","10":"tag-droppbevattning","11":"tag-featured-news","12":"tag-featurednews","13":"tag-headlines","14":"tag-huvudnyheter","15":"tag-iran","16":"tag-israel","17":"tag-klimat","18":"tag-konstbevattning","19":"tag-latest-news","20":"tag-latestnews","21":"tag-main-news","22":"tag-mainnews","23":"tag-malaren","24":"tag-news","25":"tag-nyheter","26":"tag-politik","27":"tag-rubriker","28":"tag-se","29":"tag-svenska","30":"tag-sverige","31":"tag-sweden","32":"tag-swedish","33":"tag-talibaner","34":"tag-top-stories","35":"tag-topstories","36":"tag-vattenbrist"},"share_on_mastodon":{"url":"","error":""},"_links":{"self":[{"href":"https:\/\/www.europesays.com\/se\/wp-json\/wp\/v2\/posts\/11000","targetHints":{"allow":["GET"]}}],"collection":[{"href":"https:\/\/www.europesays.com\/se\/wp-json\/wp\/v2\/posts"}],"about":[{"href":"https:\/\/www.europesays.com\/se\/wp-json\/wp\/v2\/types\/post"}],"author":[{"embeddable":true,"href":"https:\/\/www.europesays.com\/se\/wp-json\/wp\/v2\/users\/2"}],"replies":[{"embeddable":true,"href":"https:\/\/www.europesays.com\/se\/wp-json\/wp\/v2\/comments?post=11000"}],"version-history":[{"count":0,"href":"https:\/\/www.europesays.com\/se\/wp-json\/wp\/v2\/posts\/11000\/revisions"}],"wp:featuredmedia":[{"embeddable":true,"href":"https:\/\/www.europesays.com\/se\/wp-json\/wp\/v2\/media\/11001"}],"wp:attachment":[{"href":"https:\/\/www.europesays.com\/se\/wp-json\/wp\/v2\/media?parent=11000"}],"wp:term":[{"taxonomy":"category","embeddable":true,"href":"https:\/\/www.europesays.com\/se\/wp-json\/wp\/v2\/categories?post=11000"},{"taxonomy":"post_tag","embeddable":true,"href":"https:\/\/www.europesays.com\/se\/wp-json\/wp\/v2\/tags?post=11000"}],"curies":[{"name":"wp","href":"https:\/\/api.w.org\/{rel}","templated":true}]}}