{"id":110005,"date":"2025-12-18T12:51:07","date_gmt":"2025-12-18T12:51:07","guid":{"rendered":"https:\/\/www.europesays.com\/se\/110005\/"},"modified":"2025-12-18T12:51:07","modified_gmt":"2025-12-18T12:51:07","slug":"varmlandsstrategin-2040-uppdaterad-och-redo-for-genomforande","status":"publish","type":"post","link":"https:\/\/www.europesays.com\/se\/110005\/","title":{"rendered":"V\u00e4rmlandsstrategin 2040 \u2013 uppdaterad och redo f\u00f6r genomf\u00f6rande"},"content":{"rendered":"<p class=\"normal\">Efter ett \u00e5rs process med omv\u00e4rldsspaning, dialog och analys har strategin uppdaterats f\u00f6r att m\u00f6ta de utmaningar som V\u00e4rmland st\u00e5r inf\u00f6r. Den regionala utvecklingsn\u00e4mnden, som ansvarar f\u00f6r processen, lyfte tidigt att beredskap, energi och en \u00f6versyn av \u00e5rshjulet skulle inkluderas.<\/p>\n<p class=\"normal\">\u2013 Visionen om ett h\u00e5llbart V\u00e4rmland som f\u00f6r\u00e4ndrar v\u00e4rlden ligger fast. Fokus har varit p\u00e5 att ta h\u00e4nsyn till det som har h\u00e4nt sedan den antogs 2021. Eftersom v\u00e4rlden f\u00f6r\u00e4ndras m\u00e5ste vi ocks\u00e5 f\u00f6r\u00e4ndras, s\u00e4ger Erik Evestam (C), ordf\u00f6rande i regionala utvecklingsn\u00e4mnden.<\/p>\n<p>F\u00f6rst\u00e4rkningar p\u00e5 vissa delar<\/p>\n<p class=\"normal\">Strategin har ocks\u00e5 f\u00f6rst\u00e4rkts med fokus p\u00e5 barn- och unga, det geografiska perspektivet, digitalisering och ett mer proaktivt arbete.<\/p>\n<p class=\"normal\">\u2013 Att vi dessutom har lyft in mer om smart specialisering tror jag g\u00f6r att det blir l\u00e4ttare att jobba med den. F\u00f6r det \u00e4r det viktigaste, att strategin oms\u00e4tts till praktisk handling f\u00f6r att g\u00f6ra V\u00e4rmland \u00e4nnu b\u00e4ttre, s\u00e4ger Stina H\u00f6\u00f6k (M), vice ordf\u00f6rande i regionala utvecklingsn\u00e4mnden.<\/p>\n<p>Vad h\u00e4nder nu?<\/p>\n<p class=\"normal\">Genomf\u00f6randet av strategin kommer att forts\u00e4tta i flera organisationer. En dialog om vad justeringarna betyder kommer att hanteras i det kommande \u00e5rshjulet med de tre dialogtillf\u00e4llen som redan \u00e4r planerade.<\/p>\n<p class=\"normal\">\u2013 I vissa sp\u00e5r finns redan p\u00e5b\u00f6rjade arbeten som vi m\u00f6ts kring, som energiarbetet, men inom annat, som missionen kring barn och unga, beh\u00f6ver vi m\u00f6tas och formulera delm\u00e5l. S\u00e5 det arbetet g\u00e5r vi in i nu under 2026, s\u00e4ger Malin Vikner, regional utvecklingsstrateg.<\/p>\n<p class=\"normal\">Varmlandsstrategin.se<\/p>\n","protected":false},"excerpt":{"rendered":"Efter ett \u00e5rs process med omv\u00e4rldsspaning, dialog och analys har strategin uppdaterats f\u00f6r att m\u00f6ta de utmaningar som&hellip;\n","protected":false},"author":2,"featured_media":15538,"comment_status":"","ping_status":"","sticky":false,"template":"","format":"standard","meta":{"footnotes":""},"categories":[65],"tags":[72,70,71,34,31,33,32,30],"class_list":{"0":"post-110005","1":"post","2":"type-post","3":"status-publish","4":"format-standard","5":"has-post-thumbnail","7":"category-ekonomi","8":"tag-business","9":"tag-economy","10":"tag-ekonomi","11":"tag-se","12":"tag-svenska","13":"tag-sverige","14":"tag-sweden","15":"tag-swedish"},"share_on_mastodon":{"url":"https:\/\/pubeurope.com\/@se\/115740664350242556","error":""},"_links":{"self":[{"href":"https:\/\/www.europesays.com\/se\/wp-json\/wp\/v2\/posts\/110005","targetHints":{"allow":["GET"]}}],"collection":[{"href":"https:\/\/www.europesays.com\/se\/wp-json\/wp\/v2\/posts"}],"about":[{"href":"https:\/\/www.europesays.com\/se\/wp-json\/wp\/v2\/types\/post"}],"author":[{"embeddable":true,"href":"https:\/\/www.europesays.com\/se\/wp-json\/wp\/v2\/users\/2"}],"replies":[{"embeddable":true,"href":"https:\/\/www.europesays.com\/se\/wp-json\/wp\/v2\/comments?post=110005"}],"version-history":[{"count":0,"href":"https:\/\/www.europesays.com\/se\/wp-json\/wp\/v2\/posts\/110005\/revisions"}],"wp:featuredmedia":[{"embeddable":true,"href":"https:\/\/www.europesays.com\/se\/wp-json\/wp\/v2\/media\/15538"}],"wp:attachment":[{"href":"https:\/\/www.europesays.com\/se\/wp-json\/wp\/v2\/media?parent=110005"}],"wp:term":[{"taxonomy":"category","embeddable":true,"href":"https:\/\/www.europesays.com\/se\/wp-json\/wp\/v2\/categories?post=110005"},{"taxonomy":"post_tag","embeddable":true,"href":"https:\/\/www.europesays.com\/se\/wp-json\/wp\/v2\/tags?post=110005"}],"curies":[{"name":"wp","href":"https:\/\/api.w.org\/{rel}","templated":true}]}}