{"id":110019,"date":"2025-12-18T13:07:17","date_gmt":"2025-12-18T13:07:17","guid":{"rendered":"https:\/\/www.europesays.com\/se\/110019\/"},"modified":"2025-12-18T13:07:17","modified_gmt":"2025-12-18T13:07:17","slug":"fortsatt-tillvaxt-for-grant-thornton-globalt-nu-med-over-80-000-medarbetare","status":"publish","type":"post","link":"https:\/\/www.europesays.com\/se\/110019\/","title":{"rendered":"Fortsatt tillv\u00e4xt f\u00f6r Grant Thornton globalt \u2013 nu med \u00f6ver 80 000 medarbetare"},"content":{"rendered":"\n<p>Pressmeddelande<\/p>\n<p>Fortsatt tillv\u00e4xt f\u00f6r Grant Thornton globalt \u2013 nu med \u00f6ver 80 000 medarbetare<\/p>\n<p>18 dec. 2025<\/p>\n<p><strong>Grant Thornton International forts\u00e4tter att v\u00e4xa. F\u00f6r r\u00e4kenskaps\u00e5ret 2025 redovisar n\u00e4tverket en tillv\u00e4xt p\u00e5 6,1 procent j\u00e4mf\u00f6rt med f\u00f6reg\u00e5ende \u00e5r. Oms\u00e4ttningen landar p\u00e5 8,5 miljarder USD, d\u00e4r revision st\u00e5r f\u00f6r den st\u00f6rsta delen. Antalet medarbetare i medlemsf\u00f6retagen har ocks\u00e5 \u00f6kat till 80 000 personer.<\/strong><\/p>\n<p>Sedan 2021 har n\u00e4tverket vuxit fr\u00e5n 6,6 miljarder USD till 8,5 miljarder USD, med en genomsnittlig \u00e5rlig tillv\u00e4xttakt (CAGR) p\u00e5 6,5 procent. \u00c5rets resultat \u00e4r drivet av en stark utveckling inom samtliga tj\u00e4nsteomr\u00e5den, d\u00e4r revision \u00f6kade med 7,9 procent och f\u00f6rblev den st\u00f6rsta tj\u00e4nsten med n\u00e4stan h\u00e4lften av de totala int\u00e4kterna (44,8 procent). Advisory \u00f6kade med 4,7 procent och skatt med 4,5 procent*. \u00a0<\/p>\n<p>Geografiskt \u00e4r tillv\u00e4xten st\u00f6rst i Afrika (+16,2 procent) \u00e4ven om alla regioner visar positiva siffror. Bland enskilda tillv\u00e4xtmarknader \u00e4r det Singapore som \u00f6kat mest (+28,8 procent) f\u00f6ljt av Indien (+24,4 procent).<\/p>\n<p>Det globala n\u00e4tverket omfattar nu cirka 80 000 medarbetare i medlemsfirmorna, en \u00f6kning med 5,3 procent j\u00e4mf\u00f6rt med f\u00f6reg\u00e5ende \u00e5r.<\/p>\n<p>&#8211; Det fina resultatet st\u00e4rker n\u00e4tverkets multidisciplin\u00e4ra modell. Med tillv\u00e4xt inom alla regioner och alla tj\u00e4nsteomr\u00e5den st\u00e5r vi gemensamt rustade att globalt st\u00f6tta kunderna \u2013 de medelstora f\u00f6retagen \u2013 vidare p\u00e5 sin tillv\u00e4xtresa. Med medlemsfirmornas 80 000 fokuserade medarbetare p\u00e5 150 marknader \u00e4r vi b\u00e5de lokala och globala p\u00e5 samma g\u00e5ng, s\u00e4ger Henrik Johansson, vd Grant Thornton i Sverige.<\/p>\n<p><strong>Peter Bodin avg\u00e5r som global CEO<br \/><\/strong>2025 markerar ocks\u00e5 slutet p\u00e5 en fem\u00e5ring strategiperiod under svenske vd:n Peter Bodin. Under hans ledning har Grant Thornton-n\u00e4tverket haft en genomsnittlig \u00e5rlig tillv\u00e4xttakt (CAGR) p\u00e5 6,5 procent i USD.<\/p>\n<p>&#8211; Under de senaste fem \u00e5ren har vi levererat h\u00e5llbar organisk tillv\u00e4xt \u2013 en l\u00e5ngsiktig trend som ger oss en stark position inf\u00f6r framtiden. Jag \u00e4r stolt \u00f6ver vad vi har \u00e5stadkommit tillsammans och \u00f6nskar n\u00e4tverket \u2013 och tilltr\u00e4dande vd Greg Keith \u2013 all framg\u00e5ng i n\u00e4sta kapitel av Grant Thorntons resa, s\u00e4ger Peter Bodin i ett uttalande.<\/p>\n<p><a href=\"https:\/\/www.grantthornton.global\/en\/press-releases\/press-releases-2025\/grant-thornton-grows-global-revenues-to-a-record-usd8.5-billion\" rel=\"nofollow noopener\" target=\"_blank\">F\u00f6r mer information se GTIL<\/a><\/p>\n<p>*N\u00e4r medlemsfirmornas resultat r\u00e4knats om till USD.<\/p>\n<p>L\u00e4nkar<\/p>\n<p><a href=\"https:\/\/www.grantthornton.global\/en\/press-releases\/press-releases-2025\/grant-thornton-grows-global-revenues-to-a-record-usd8.5-billion\" title=\"Grant Thornton International\" rel=\"nofollow noopener\" target=\"_blank\">https:\/\/www.grantthornton.global\/en\/press-releases\/press-releases-2025\/grant-thornton-grows-global-revenues-to-a-record-usd8.5-billion\/<\/a><\/p>\n","protected":false},"excerpt":{"rendered":"Pressmeddelande Fortsatt tillv\u00e4xt f\u00f6r Grant Thornton globalt \u2013 nu med \u00f6ver 80 000 medarbetare 18 dec. 2025 Grant&hellip;\n","protected":false},"author":2,"featured_media":110020,"comment_status":"","ping_status":"","sticky":false,"template":"","format":"standard","meta":{"footnotes":""},"categories":[65],"tags":[12170,72,70,71,12167,12168,12174,12172,12173,12169,34,2874,31,33,32,30,12171],"class_list":{"0":"post-110019","1":"post","2":"type-post","3":"status-publish","4":"format-standard","5":"has-post-thumbnail","7":"category-ekonomi","8":"tag-advisory","9":"tag-business","10":"tag-economy","11":"tag-ekonomi","12":"tag-grant-thornton","13":"tag-grant-thornton-international","14":"tag-greg-kieth","15":"tag-henrik-johansson","16":"tag-peter-bodin","17":"tag-revision","18":"tag-se","19":"tag-skatt","20":"tag-svenska","21":"tag-sverige","22":"tag-sweden","23":"tag-swedish","24":"tag-tillvxt"},"share_on_mastodon":{"url":"https:\/\/pubeurope.com\/@se\/115740727276334997","error":""},"_links":{"self":[{"href":"https:\/\/www.europesays.com\/se\/wp-json\/wp\/v2\/posts\/110019","targetHints":{"allow":["GET"]}}],"collection":[{"href":"https:\/\/www.europesays.com\/se\/wp-json\/wp\/v2\/posts"}],"about":[{"href":"https:\/\/www.europesays.com\/se\/wp-json\/wp\/v2\/types\/post"}],"author":[{"embeddable":true,"href":"https:\/\/www.europesays.com\/se\/wp-json\/wp\/v2\/users\/2"}],"replies":[{"embeddable":true,"href":"https:\/\/www.europesays.com\/se\/wp-json\/wp\/v2\/comments?post=110019"}],"version-history":[{"count":0,"href":"https:\/\/www.europesays.com\/se\/wp-json\/wp\/v2\/posts\/110019\/revisions"}],"wp:featuredmedia":[{"embeddable":true,"href":"https:\/\/www.europesays.com\/se\/wp-json\/wp\/v2\/media\/110020"}],"wp:attachment":[{"href":"https:\/\/www.europesays.com\/se\/wp-json\/wp\/v2\/media?parent=110019"}],"wp:term":[{"taxonomy":"category","embeddable":true,"href":"https:\/\/www.europesays.com\/se\/wp-json\/wp\/v2\/categories?post=110019"},{"taxonomy":"post_tag","embeddable":true,"href":"https:\/\/www.europesays.com\/se\/wp-json\/wp\/v2\/tags?post=110019"}],"curies":[{"name":"wp","href":"https:\/\/api.w.org\/{rel}","templated":true}]}}