{"id":110021,"date":"2025-12-18T13:08:16","date_gmt":"2025-12-18T13:08:16","guid":{"rendered":"https:\/\/www.europesays.com\/se\/110021\/"},"modified":"2025-12-18T13:08:16","modified_gmt":"2025-12-18T13:08:16","slug":"kampen-i-ukrainas-gra-zon-aftonbladet-podcast","status":"publish","type":"post","link":"https:\/\/www.europesays.com\/se\/110021\/","title":{"rendered":"Kampen i Ukrainas \u201dgr\u00e5 zon\u201d \u2013 Aftonbladet podcast"},"content":{"rendered":"<p class=\"hyperion-css-81xgzb\" data-test-tag=\"lead-text\">Den senaste tiden har det h\u00e5llits m\u00e5nga och l\u00e5nga m\u00f6ten och f\u00f6rhandlingar \u2013 med syftet att uppn\u00e5 fred i Ukraina. Men vid sidan om kampen vid f\u00f6rhandlingsbordet p\u00e5g\u00e5r kriget, of\u00f6rtrutet. Ukraina pressas vid fronten och tiden \u00e4r knapp. <br \/>Hur g\u00e5r det f\u00f6r de ukrainska trupperna? <br \/>Vad beh\u00f6ver de f\u00f6r st\u00f6d just nu? <br \/>Och \u00e4r freden inom r\u00e4ckh\u00e5ll?<br \/>G\u00e4st: Joakim Paasikivi, tidigare \u00f6verstel\u00f6jtnant, i dag senior geopolitisk r\u00e5dgivare p\u00e5 Mannheimer och Swartling. <br \/>Programledare och producent: Olivia Svenson<br \/>Kontakt: podcast@aftonbladet.se<br \/>Klipp fr\u00e5n: ABC News, Sky News<\/p>\n<p class=\"hyperion-css-1nltwgz\">TORSDAG 18 DECEMBER 2025<\/p>\n<p>Alla Aftonbladets podcasts<\/p>\n","protected":false},"excerpt":{"rendered":"Den senaste tiden har det h\u00e5llits m\u00e5nga och l\u00e5nga m\u00f6ten och f\u00f6rhandlingar \u2013 med syftet att uppn\u00e5 fred&hellip;\n","protected":false},"author":2,"featured_media":27149,"comment_status":"","ping_status":"","sticky":false,"template":"","format":"standard","meta":{"footnotes":""},"categories":[14],"tags":[22,23,26,27,17,21,24,25,28,29,15,16,18,34,31,33,32,30,19,20,51,52,53,54],"class_list":{"0":"post-110021","1":"post","2":"type-post","3":"status-publish","4":"format-standard","5":"has-post-thumbnail","7":"category-varlden","8":"tag-breaking-news","9":"tag-breakingnews","10":"tag-featured-news","11":"tag-featurednews","12":"tag-headlines","13":"tag-huvudnyheter","14":"tag-latest-news","15":"tag-latestnews","16":"tag-main-news","17":"tag-mainnews","18":"tag-news","19":"tag-nyheter","20":"tag-rubriker","21":"tag-se","22":"tag-svenska","23":"tag-sverige","24":"tag-sweden","25":"tag-swedish","26":"tag-top-stories","27":"tag-topstories","28":"tag-varlden","29":"tag-world","30":"tag-world-news","31":"tag-worldnews"},"share_on_mastodon":{"url":"https:\/\/pubeurope.com\/@se\/115740731351068367","error":""},"_links":{"self":[{"href":"https:\/\/www.europesays.com\/se\/wp-json\/wp\/v2\/posts\/110021","targetHints":{"allow":["GET"]}}],"collection":[{"href":"https:\/\/www.europesays.com\/se\/wp-json\/wp\/v2\/posts"}],"about":[{"href":"https:\/\/www.europesays.com\/se\/wp-json\/wp\/v2\/types\/post"}],"author":[{"embeddable":true,"href":"https:\/\/www.europesays.com\/se\/wp-json\/wp\/v2\/users\/2"}],"replies":[{"embeddable":true,"href":"https:\/\/www.europesays.com\/se\/wp-json\/wp\/v2\/comments?post=110021"}],"version-history":[{"count":0,"href":"https:\/\/www.europesays.com\/se\/wp-json\/wp\/v2\/posts\/110021\/revisions"}],"wp:featuredmedia":[{"embeddable":true,"href":"https:\/\/www.europesays.com\/se\/wp-json\/wp\/v2\/media\/27149"}],"wp:attachment":[{"href":"https:\/\/www.europesays.com\/se\/wp-json\/wp\/v2\/media?parent=110021"}],"wp:term":[{"taxonomy":"category","embeddable":true,"href":"https:\/\/www.europesays.com\/se\/wp-json\/wp\/v2\/categories?post=110021"},{"taxonomy":"post_tag","embeddable":true,"href":"https:\/\/www.europesays.com\/se\/wp-json\/wp\/v2\/tags?post=110021"}],"curies":[{"name":"wp","href":"https:\/\/api.w.org\/{rel}","templated":true}]}}