{"id":110031,"date":"2025-12-18T13:15:25","date_gmt":"2025-12-18T13:15:25","guid":{"rendered":"https:\/\/www.europesays.com\/se\/110031\/"},"modified":"2025-12-18T13:15:25","modified_gmt":"2025-12-18T13:15:25","slug":"efter-blocket-raseriet-tradera-lanserar-bilsajt-di","status":"publish","type":"post","link":"https:\/\/www.europesays.com\/se\/110031\/","title":{"rendered":"Efter Blocket-raseriet \u2013 Tradera lanserar bilsajt &#8211; DI"},"content":{"rendered":"<ol>\n<li><a href=\"https:\/\/news.google.com\/rss\/articles\/CBMif0FVX3lxTE9NSGU1OVNxTkMxN1F5cXNidmFtWjE5aHA0V3JyVWRlV25leWg4Q1NtcFEzLVVDSzNuYVNNNFhwazVFYTlNWXE4dy1tcFNCWFkyQVRXaGVhR3h4VHpWZUtjaFllNWoySlJxczV1RXNvRU1FQUZ4S1ZRelh3aGNabWc?oc=5\" target=\"_blank\" rel=\"nofollow noopener\">Efter Blocket-raseriet \u2013 Tradera lanserar bilsajt<\/a>&nbsp;&nbsp;DI<\/li>\n<li><a href=\"https:\/\/news.google.com\/rss\/articles\/CBMif0FVX3lxTE5lWHNPZUtEdzJ1WEVMa3JyQUlDNW5JQktmQXhJVE9tYXNYTWZOdDlSUGlQU3NVNDItUVBBVi1OLTBGeWdHak9PX3NoRnhld2lrY1F0X2VsU0M4MnQ4TlNOVjFSSEZmUFduYVlQT1B2eUlBNUtNMnlyRFRLS21OZ2M?oc=5\" target=\"_blank\" rel=\"nofollow noopener\">Nya Blocket en katastrof f\u00f6r bilhandlare<\/a>&nbsp;&nbsp;Realtid<\/li>\n<li><a href=\"https:\/\/news.google.com\/rss\/articles\/CBMixwFBVV95cUxPTW9jV2ZFRGxHc0dNemxwRzRnT3ZqYkVicTAybmFUVWRBb3pacjlNTFpZZVdIa2JhbzN6SUk2aEJXLUd2MS1WeEVEU3BfUWcwNFU5NURpYm1GZURXQm9xTlp0UXJlaTc2RW5pOWZNeklJYTVQVklBNmNZZDdUSllqcHAtQl9NNllSSnN4WXRJTmJuQXp5Tmttc2kydEI5ZENjVTZNN2NuU1FTOW9MNWRGX0JQZGFWb1JQQmRsMG1wNzV0TlFMSUxj?oc=5\" target=\"_blank\" rel=\"nofollow noopener\">S\u00e5 kan fordonshandlare arbeta med nya Blocket: \u201dMan kan inte vara passiv\u201d<\/a>&nbsp;&nbsp;motormagasinet.se<\/li>\n<li><a href=\"https:\/\/news.google.com\/rss\/articles\/CBMic0FVX3lxTFBIeUVRTHVPWnlqVnFQRWNzUDlqNHBweUNTRzFiRFJxSEV1djRrd2dudjcwczVDMTFxMl8zQzdKaTZ2SnVibVJmWTZvalpmaTZSdG0ybE9taklkb1VJbmcwaUhiRF9maTRpeWdpbjdMUnFvVkk?oc=5\" target=\"_blank\" rel=\"nofollow noopener\">Efter Blockets haveri: Tradera g\u00f6r j\u00e4ttesatsning<\/a>&nbsp;&nbsp;Carup.se<\/li>\n<li><a href=\"https:\/\/news.google.com\/rss\/articles\/CBMiygFBVV95cUxPY0JCcmdqcHUxT1ZlN3FFMHc5SGVsTklHaUJwX1dWcWxLRXFnYTkwWlRjWDZRcnVkS2NQRDFpaDJ6NFg3V3JVdFlUS2h6cVRJYnlvdHE2Y0ljV3dreS1rRmRBUkdOMlJGNDZxem1fb1pUNDNNQWlVc2pQY0RUb1U0NXh0bmcyNXZoSHpmMWhVMldIbVZGck5vd3hUNkU1czZaUFUxZ0pRX0VBUFBMVVlfWU44S004eXFtZ1M2LWh4MFlXckFLZ0I5QVdB?oc=5\" target=\"_blank\" rel=\"nofollow noopener\">Konkurrenten ser Blocket-kritiken som en unik tillf\u00e4llighet f\u00f6r att v\u00e4xa<\/a>&nbsp;&nbsp;motormagasinet.se<\/li>\n<\/ol>\n","protected":false},"excerpt":{"rendered":"Efter Blocket-raseriet \u2013 Tradera lanserar bilsajt&nbsp;&nbsp;DI Nya Blocket en katastrof f\u00f6r bilhandlare&nbsp;&nbsp;Realtid S\u00e5 kan fordonshandlare arbeta med nya&hellip;\n","protected":false},"author":2,"featured_media":110032,"comment_status":"","ping_status":"","sticky":false,"template":"","format":"standard","meta":{"footnotes":""},"categories":[65],"tags":[72,70,71,34,31,33,32,30],"class_list":{"0":"post-110031","1":"post","2":"type-post","3":"status-publish","4":"format-standard","5":"has-post-thumbnail","7":"category-ekonomi","8":"tag-business","9":"tag-economy","10":"tag-ekonomi","11":"tag-se","12":"tag-svenska","13":"tag-sverige","14":"tag-sweden","15":"tag-swedish"},"share_on_mastodon":{"url":"https:\/\/pubeurope.com\/@se\/115740758770115376","error":""},"_links":{"self":[{"href":"https:\/\/www.europesays.com\/se\/wp-json\/wp\/v2\/posts\/110031","targetHints":{"allow":["GET"]}}],"collection":[{"href":"https:\/\/www.europesays.com\/se\/wp-json\/wp\/v2\/posts"}],"about":[{"href":"https:\/\/www.europesays.com\/se\/wp-json\/wp\/v2\/types\/post"}],"author":[{"embeddable":true,"href":"https:\/\/www.europesays.com\/se\/wp-json\/wp\/v2\/users\/2"}],"replies":[{"embeddable":true,"href":"https:\/\/www.europesays.com\/se\/wp-json\/wp\/v2\/comments?post=110031"}],"version-history":[{"count":0,"href":"https:\/\/www.europesays.com\/se\/wp-json\/wp\/v2\/posts\/110031\/revisions"}],"wp:featuredmedia":[{"embeddable":true,"href":"https:\/\/www.europesays.com\/se\/wp-json\/wp\/v2\/media\/110032"}],"wp:attachment":[{"href":"https:\/\/www.europesays.com\/se\/wp-json\/wp\/v2\/media?parent=110031"}],"wp:term":[{"taxonomy":"category","embeddable":true,"href":"https:\/\/www.europesays.com\/se\/wp-json\/wp\/v2\/categories?post=110031"},{"taxonomy":"post_tag","embeddable":true,"href":"https:\/\/www.europesays.com\/se\/wp-json\/wp\/v2\/tags?post=110031"}],"curies":[{"name":"wp","href":"https:\/\/api.w.org\/{rel}","templated":true}]}}