{"id":110036,"date":"2025-12-18T13:18:20","date_gmt":"2025-12-18T13:18:20","guid":{"rendered":"https:\/\/www.europesays.com\/se\/110036\/"},"modified":"2025-12-18T13:18:20","modified_gmt":"2025-12-18T13:18:20","slug":"tusentals-bonder-i-protest-mot-eu-i-bryssel","status":"publish","type":"post","link":"https:\/\/www.europesays.com\/se\/110036\/","title":{"rendered":"Tusentals b\u00f6nder i protest mot EU i Bryssel"},"content":{"rendered":"<p>Publicerad 18 dec 2025 kl 08.44Uppdaterad kl 10.25<\/p>\n<p>B\u00f6nder blockerar stora delar av Bryssel p\u00e5 torsdagsmorgonen.\u00a0<\/p>\n<p>I traktorer, med skyltar protesterar de mot vad de anser vara en d\u00e5lig jordbrukspolitik fr\u00e5n EU.\u00a0<\/p>\n<p>Trafiken in mot Bryssel st\u00e5r helt still och det kommer rapporter om att det skjuts fyrverkerier p\u00e5 motorv\u00e4gen, rapporterar <a href=\"https:\/\/www.hln.be\/binnenland\/boeren-leggen-verkeer-rond-brussel-plat-en-steken-vuurwerk-af-op-de-autostrade-kom-niet-met-de-wagen-naar-de-stad~abe9f530\/\" rel=\"nofollow noopener\" target=\"_blank\">HLN<\/a>.\u00a0<\/p>\n<p>Senaste nyhetsklippen fr\u00e5n Expressen.<img   alt=\"\"\/><\/p>\n<p>Tusentals b\u00f6nder samlas i Bryssel p\u00e5 torsdagen.<\/p>\n<p>Foto: OLIVIER MATTHYS \/ EPA<\/p>\n<p>\u00d6ppna bild i helsk\u00e4rm<img loading=\"lazy\"   alt=\"\"\/><\/p>\n<p>De protesterar mot vad de anser \u00e4r d\u00e5lig jordbrukspolitik fr\u00e5n EU.<\/p>\n<p>Foto: OLIVIER MATTHYS \/ EPA<\/p>\n<p>\u00d6ppna bild i helsk\u00e4rm<img loading=\"lazy\"   alt=\"\"\/><\/p>\n<p>Brinnande bild\u00e4ck utanf\u00f6r EU-ledarnas m\u00f6te.<\/p>\n<p>Foto: MARIUS BURGELMAN \/ AP TT NYHETSBYR\u00c5N<\/p>\n<p>\u00d6ppna bild i helsk\u00e4rm<\/p>\n<p>I den st\u00f6rsta protesten sedan i juni 2024 har tusentals <a href=\"https:\/\/www.expressen.se\/tagg\/organization\/eu\/\" class=\"\" rel=\"nofollow noopener\" target=\"_blank\">EU<\/a>-b\u00f6nder tagit sig till Bryssel. \u00a0<\/p>\n<p>Enligt tidningen HLN \u00e4r E40 in mot Bryssel helt blockerad. B\u00f6nder har blockerat p\u00e5farten, och fyrverkerier har avfyrats. B\u00e5de personbilar och lastbilar hindras fr\u00e5n att ta sig fram. Vissa fordon tar sig f\u00f6rbi k\u00f6erna via v\u00e4grenen, rapporterar tidningen.\u00a0<\/p>\n<p>Inne i Bryssel beskrivs polisn\u00e4rvaron som massiv. Stora delar av Bryssels stadsk\u00e4rna \u00e4r avsp\u00e4rrad, och polisen uppmanar bilister att inte ta sig in till centrum.\u00a0<\/p>\n<p>Under protesten p\u00e5g\u00e5r ett EU-toppm\u00f6te d\u00e4r bland annat beslut ska fattas om och hur de frysta ryska tillg\u00e5ngarna kan anv\u00e4ndas.\u00a0<\/p>\n<p>Or\u00e4ttvis konkurrens<\/p>\n<p>Totalt bed\u00f6ms protesterna dra tiotusentals b\u00f6nder, fr\u00e5n hela Europa. De vill visa sitt missn\u00f6je mot EU-politiken och Mercosuravtalet, som de menar s\u00e4tter press p\u00e5 deras inkomster.<\/p>\n<p>Mercosuravtalet \u00e4r ett frihandelsavtal mellan EU och flera l\u00e4nder i Sydamerika. \u00a0<\/p>\n<p>M\u00e5nga europeiska lantbrukare \u00e4r kritiska eftersom de menar att avtalet inneb\u00e4r att den billigare importen av n\u00f6tk\u00f6tt, kyckling och andra jordbruksprodukter pressar deras priser.\u00a0<\/p>\n<p>Producenter i Mercosur-l\u00e4nderna ofta har l\u00e4gre milj\u00f6-, djur- och arbetskrav och EU-b\u00f6nderna anser att konkurrensen blir or\u00e4ttvis n\u00e4r de m\u00e5ste f\u00f6lja str\u00e4ngare regler.<\/p>\n","protected":false},"excerpt":{"rendered":"Publicerad 18 dec 2025 kl 08.44Uppdaterad kl 10.25 B\u00f6nder blockerar stora delar av Bryssel p\u00e5 torsdagsmorgonen.\u00a0 I traktorer,&hellip;\n","protected":false},"author":2,"featured_media":110037,"comment_status":"","ping_status":"","sticky":false,"template":"","format":"standard","meta":{"footnotes":""},"categories":[5],"tags":[22,23,26,27,17,21,24,25,4423,28,29,15,16,746,18,34,55,31,33,32,30,19,973,20],"class_list":{"0":"post-110036","1":"post","2":"type-post","3":"status-publish","4":"format-standard","5":"has-post-thumbnail","7":"category-rubriker","8":"tag-breaking-news","9":"tag-breakingnews","10":"tag-featured-news","11":"tag-featurednews","12":"tag-headlines","13":"tag-huvudnyheter","14":"tag-latest-news","15":"tag-latestnews","16":"tag-location-bryssel","17":"tag-main-news","18":"tag-mainnews","19":"tag-news","20":"tag-nyheter","21":"tag-organization-eu","22":"tag-rubriker","23":"tag-se","24":"tag-sections-varlden","25":"tag-svenska","26":"tag-sverige","27":"tag-sweden","28":"tag-swedish","29":"tag-top-stories","30":"tag-topic-eu-fragor","31":"tag-topstories"},"share_on_mastodon":{"url":"https:\/\/pubeurope.com\/@se\/115740770467978589","error":""},"_links":{"self":[{"href":"https:\/\/www.europesays.com\/se\/wp-json\/wp\/v2\/posts\/110036","targetHints":{"allow":["GET"]}}],"collection":[{"href":"https:\/\/www.europesays.com\/se\/wp-json\/wp\/v2\/posts"}],"about":[{"href":"https:\/\/www.europesays.com\/se\/wp-json\/wp\/v2\/types\/post"}],"author":[{"embeddable":true,"href":"https:\/\/www.europesays.com\/se\/wp-json\/wp\/v2\/users\/2"}],"replies":[{"embeddable":true,"href":"https:\/\/www.europesays.com\/se\/wp-json\/wp\/v2\/comments?post=110036"}],"version-history":[{"count":0,"href":"https:\/\/www.europesays.com\/se\/wp-json\/wp\/v2\/posts\/110036\/revisions"}],"wp:featuredmedia":[{"embeddable":true,"href":"https:\/\/www.europesays.com\/se\/wp-json\/wp\/v2\/media\/110037"}],"wp:attachment":[{"href":"https:\/\/www.europesays.com\/se\/wp-json\/wp\/v2\/media?parent=110036"}],"wp:term":[{"taxonomy":"category","embeddable":true,"href":"https:\/\/www.europesays.com\/se\/wp-json\/wp\/v2\/categories?post=110036"},{"taxonomy":"post_tag","embeddable":true,"href":"https:\/\/www.europesays.com\/se\/wp-json\/wp\/v2\/tags?post=110036"}],"curies":[{"name":"wp","href":"https:\/\/api.w.org\/{rel}","templated":true}]}}