{"id":110044,"date":"2025-12-18T13:23:30","date_gmt":"2025-12-18T13:23:30","guid":{"rendered":"https:\/\/www.europesays.com\/se\/110044\/"},"modified":"2025-12-18T13:23:30","modified_gmt":"2025-12-18T13:23:30","slug":"styrelsen-for-sbab-fattar-beslut-om-uppdaterade-ekonomiska-mal","status":"publish","type":"post","link":"https:\/\/www.europesays.com\/se\/110044\/","title":{"rendered":"Styrelsen f\u00f6r SBAB fattar beslut om uppdaterade ekonomiska m\u00e5l"},"content":{"rendered":"<p><strong>Uppdaterade ekonomiska m\u00e5l:<\/strong><\/p>\n<p class=\"typography-base\"><strong><br \/><\/strong><strong>L\u00f6nsamhet:<\/strong> Avkastning p\u00e5 eget kapital om minst 10 procent \u00f6ver tid.<\/p>\n<p class=\"typography-base\"><strong>Kapitalisering:<\/strong> K\u00e4rnprim\u00e4rkapitalrelation om 1\u20133 procentenheter \u00f6ver det kommunicerade myndighetskravet.<\/p>\n<p class=\"typography-base\"><strong>Utdelning:<\/strong> Ordinarie utdelning om 20\u201340 procent av \u00e5rets vinst efter skatt.<\/p>\n<p><strong>Tidigare ekonomiska m\u00e5l:<\/strong><\/p>\n<p class=\"typography-base\"><strong>L\u00f6nsamhet:<\/strong> Avkastning p\u00e5 eget kapital \u00f6ver en konjunkturcykel om minst 10 procent.<\/p>\n<p class=\"typography-base\"><strong>Kapitalisering:<\/strong> K\u00e4rnprim\u00e4rkapitalrelation och total kapitalrelation om minst 0,6 procentenheter \u00f6ver FI:s kommunicerade krav.<\/p>\n<p class=\"typography-base\"><strong>Utdelning:<\/strong> Ordinarie utdelning om minst 40 procent av \u00e5rets vinst efter skatt med beaktande av koncernens kapitalstruktur.<\/p>\n","protected":false},"excerpt":{"rendered":"Uppdaterade ekonomiska m\u00e5l: L\u00f6nsamhet: Avkastning p\u00e5 eget kapital om minst 10 procent \u00f6ver tid. Kapitalisering: K\u00e4rnprim\u00e4rkapitalrelation om 1\u20133&hellip;\n","protected":false},"author":2,"featured_media":107705,"comment_status":"","ping_status":"","sticky":false,"template":"","format":"standard","meta":{"footnotes":""},"categories":[65],"tags":[72,70,71,34,31,33,32,30],"class_list":{"0":"post-110044","1":"post","2":"type-post","3":"status-publish","4":"format-standard","5":"has-post-thumbnail","7":"category-ekonomi","8":"tag-business","9":"tag-economy","10":"tag-ekonomi","11":"tag-se","12":"tag-svenska","13":"tag-sverige","14":"tag-sweden","15":"tag-swedish"},"share_on_mastodon":{"url":"https:\/\/pubeurope.com\/@se\/115740790251390816","error":""},"_links":{"self":[{"href":"https:\/\/www.europesays.com\/se\/wp-json\/wp\/v2\/posts\/110044","targetHints":{"allow":["GET"]}}],"collection":[{"href":"https:\/\/www.europesays.com\/se\/wp-json\/wp\/v2\/posts"}],"about":[{"href":"https:\/\/www.europesays.com\/se\/wp-json\/wp\/v2\/types\/post"}],"author":[{"embeddable":true,"href":"https:\/\/www.europesays.com\/se\/wp-json\/wp\/v2\/users\/2"}],"replies":[{"embeddable":true,"href":"https:\/\/www.europesays.com\/se\/wp-json\/wp\/v2\/comments?post=110044"}],"version-history":[{"count":0,"href":"https:\/\/www.europesays.com\/se\/wp-json\/wp\/v2\/posts\/110044\/revisions"}],"wp:featuredmedia":[{"embeddable":true,"href":"https:\/\/www.europesays.com\/se\/wp-json\/wp\/v2\/media\/107705"}],"wp:attachment":[{"href":"https:\/\/www.europesays.com\/se\/wp-json\/wp\/v2\/media?parent=110044"}],"wp:term":[{"taxonomy":"category","embeddable":true,"href":"https:\/\/www.europesays.com\/se\/wp-json\/wp\/v2\/categories?post=110044"},{"taxonomy":"post_tag","embeddable":true,"href":"https:\/\/www.europesays.com\/se\/wp-json\/wp\/v2\/tags?post=110044"}],"curies":[{"name":"wp","href":"https:\/\/api.w.org\/{rel}","templated":true}]}}