{"id":110045,"date":"2025-12-18T13:24:47","date_gmt":"2025-12-18T13:24:47","guid":{"rendered":"https:\/\/www.europesays.com\/se\/110045\/"},"modified":"2025-12-18T13:24:47","modified_gmt":"2025-12-18T13:24:47","slug":"putin-till-attack-mot-europas-sma-grisar-5","status":"publish","type":"post","link":"https:\/\/www.europesays.com\/se\/110045\/","title":{"rendered":"Putin till attack mot Europas \u201dsm\u00e5 grisar\u201d"},"content":{"rendered":"<p>\u2013 Den s\u00e4rskilda milit\u00e4roperationens m\u00e5l kommer med s\u00e4kerhet att uppn\u00e5s, s\u00e4ger Putin vid ett m\u00f6te p\u00e5 f\u00f6rsvarsdepartementet i Moskva d\u00e4r han anv\u00e4nder Kremls namn p\u00e5 Rysslands offensiv som snart p\u00e5g\u00e5tt i fyra \u00e5r.<\/p>\n<p>Putin anklagar ocks\u00e5 Europas ledare och den tidigare amerikanske presidenten Joe Biden f\u00f6r att ha orsakat den \u201dv\u00e4pnade konflikten\u201d i Ukraina \u2013 trots att Ryssland oprovocerat valt att invadera sitt grannland.<\/p>\n<p>\u2013 Europas sm\u00e5 grisar ansl\u00f6t sig omedelbart till den tidigare amerikanska administrationens anstr\u00e4ngningar i hopp om att tj\u00e4na p\u00e5 v\u00e5rt lands kollaps, s\u00e4ger Putin, enligt The Guardian.<\/p>\n<p>Kommentarerna f\u00f6ljer p\u00e5 de senaste dagarnas f\u00f6rhandlingar mellan Ukraina och dess allierade om ett fredsavtal.<\/p>\n<p>\u2013 I dag kom ytterligare en signal fr\u00e5n Moskva om att de f\u00f6rbereder sig f\u00f6r att g\u00f6ra n\u00e4sta \u00e5r till ett krigs\u00e5r, s\u00e4ger Zelenskyj i sitt kv\u00e4llstal om Putins ord.<\/p>\n<p>Den kanske viktigaste kn\u00e4ckfr\u00e5gan r\u00f6r territorier, d\u00e4r Moskva vill att Kiev ska avst\u00e5 hela Donbass (regionerna Donetsk och Luhansk), inklusive omr\u00e5den som Ryssland inte intagit, f\u00f6r att skapa en demilitariserad \u201dfri ekonomisk zon\u201d.<\/p>\n<p>Putin s\u00e4ger att han f\u00f6redrar en diplomatisk l\u00f6sning men lovar inta omr\u00e5det milit\u00e4rt om \u201dfaktiska diskussioner\u201d uteblir.<\/p>\n<p>Zelenskyj har tidigare p\u00e5pekat att Ukraina varken har laglig eller moralisk r\u00e4tt att ge upp mark.<\/p>\n","protected":false},"excerpt":{"rendered":"\u2013 Den s\u00e4rskilda milit\u00e4roperationens m\u00e5l kommer med s\u00e4kerhet att uppn\u00e5s, s\u00e4ger Putin vid ett m\u00f6te p\u00e5 f\u00f6rsvarsdepartementet i&hellip;\n","protected":false},"author":2,"featured_media":110046,"comment_status":"","ping_status":"","sticky":false,"template":"","format":"standard","meta":{"footnotes":""},"categories":[14],"tags":[22,23,26,27,17,21,24,25,28,29,15,16,18,34,31,33,32,30,19,20,51,52,53,54],"class_list":{"0":"post-110045","1":"post","2":"type-post","3":"status-publish","4":"format-standard","5":"has-post-thumbnail","7":"category-varlden","8":"tag-breaking-news","9":"tag-breakingnews","10":"tag-featured-news","11":"tag-featurednews","12":"tag-headlines","13":"tag-huvudnyheter","14":"tag-latest-news","15":"tag-latestnews","16":"tag-main-news","17":"tag-mainnews","18":"tag-news","19":"tag-nyheter","20":"tag-rubriker","21":"tag-se","22":"tag-svenska","23":"tag-sverige","24":"tag-sweden","25":"tag-swedish","26":"tag-top-stories","27":"tag-topstories","28":"tag-varlden","29":"tag-world","30":"tag-world-news","31":"tag-worldnews"},"share_on_mastodon":{"url":"https:\/\/pubeurope.com\/@se\/115740798081954115","error":""},"_links":{"self":[{"href":"https:\/\/www.europesays.com\/se\/wp-json\/wp\/v2\/posts\/110045","targetHints":{"allow":["GET"]}}],"collection":[{"href":"https:\/\/www.europesays.com\/se\/wp-json\/wp\/v2\/posts"}],"about":[{"href":"https:\/\/www.europesays.com\/se\/wp-json\/wp\/v2\/types\/post"}],"author":[{"embeddable":true,"href":"https:\/\/www.europesays.com\/se\/wp-json\/wp\/v2\/users\/2"}],"replies":[{"embeddable":true,"href":"https:\/\/www.europesays.com\/se\/wp-json\/wp\/v2\/comments?post=110045"}],"version-history":[{"count":0,"href":"https:\/\/www.europesays.com\/se\/wp-json\/wp\/v2\/posts\/110045\/revisions"}],"wp:featuredmedia":[{"embeddable":true,"href":"https:\/\/www.europesays.com\/se\/wp-json\/wp\/v2\/media\/110046"}],"wp:attachment":[{"href":"https:\/\/www.europesays.com\/se\/wp-json\/wp\/v2\/media?parent=110045"}],"wp:term":[{"taxonomy":"category","embeddable":true,"href":"https:\/\/www.europesays.com\/se\/wp-json\/wp\/v2\/categories?post=110045"},{"taxonomy":"post_tag","embeddable":true,"href":"https:\/\/www.europesays.com\/se\/wp-json\/wp\/v2\/tags?post=110045"}],"curies":[{"name":"wp","href":"https:\/\/api.w.org\/{rel}","templated":true}]}}