{"id":110052,"date":"2025-12-18T13:29:10","date_gmt":"2025-12-18T13:29:10","guid":{"rendered":"https:\/\/www.europesays.com\/se\/110052\/"},"modified":"2025-12-18T13:29:10","modified_gmt":"2025-12-18T13:29:10","slug":"civilisationens-topp-av-johan-norberg-peak-human-pa-svenska","status":"publish","type":"post","link":"https:\/\/www.europesays.com\/se\/110052\/","title":{"rendered":"\u201dCivilisationens topp\u201d av Johan Norberg \u2013\u00a0\u201dPeak human\u201d p\u00e5 svenska"},"content":{"rendered":"<p>Publicerad 18 dec 2025 kl 14.00<\/p>\n<p>F\u00f6rfattaren och liberalen Johan Norberg har hyllats i USA f\u00f6r sin bok \u201dPeak human\u201d.\u00a0<\/p>\n<p>Lyra Eriksson Lindb\u00e4ck l\u00e4ser en partsinlaga f\u00f6r frihandel som imponerar \u2013 ibland.<\/p>\n<p><img   alt=\"\"\/><\/p>\n<p>Johan Norberg, Timbrokille par exellence.<\/p>\n<p>Foto: NICOLAS MAETERLINCK\/Belga\/Sipa USA \/ TT NYHETSBYR\u00c5N<\/p>\n<p>\u00d6ppna bild i helsk\u00e4rm<\/p>\n<p><strong>RECENSION.<\/strong> Europa st\u00e5r inf\u00f6r civilisatorisk utpl\u00e5ning, enligt <strong>Donald Trump<\/strong>. Inom 20 \u00e5r har v\u00e5r kontinent blivit oigenk\u00e4nnlig, om vi inte ser till att stoppa migrationen, st\u00e4rka de nationella identiteterna och \u00f6ka barnaf\u00f6dandet. Bara s\u00e5 kan vi \u00e5terst\u00e4lla v\u00e5rt \u201dcivilisatoriska sj\u00e4lvf\u00f6rtroende\u201d. Bara s\u00e5 kan vi haka p\u00e5 den nya amerikanska guld\u00e5ldern.<\/p>\n<p>V\u00e4ldigt f\u00e5 \u00e4r i dag ben\u00e4gna att ta ordet \u201dguld\u00e5lder\u201d i sin mun, varken om det f\u00f6rflutna eller om nuet. Historien \u00e4r helt enkelt f\u00f6r m\u00e5ngskiktad och komplex, och problemen i v\u00e4rlden f\u00f6r stora. Men liberalen <strong>Johan Norberg<\/strong> delar Trumps f\u00e4bless f\u00f6r en n\u00e5got svulstig optimism. Han har tidigare vunnit<strong> Elon Musks<\/strong> beundran f\u00f6r sin bok \u201dDet kapitalistiska manifestet\u201d och sedan 2007 \u00e4r han knuten till den amerikanska libertarianska tankesmedjan Cato institute.<\/p>\n<p>Nu har han blivit tokhyllad i den amerikanska pressen f\u00f6r \u201dPeak human\u201d, som kom ut p\u00e5 engelska tidigare i \u00e5r. D\u00e4r ger Norberg ett helt annat perspektiv p\u00e5 f\u00f6ruts\u00e4ttningarna p\u00e5 en guld\u00e5lder \u00e4n Trumps. \u201dCivilisationens topp\u201d, som den f\u00e5tt heta p\u00e5 svenska, \u00e4r skriven innan Trump blev omvald, och vill bli l\u00e4st som en historieskildring snarare \u00e4n ett debattinl\u00e4gg. Boken \u00e4r till\u00e4gnad Norbergs pappa, som var riksarkivarie, och sonen f\u00f6rs\u00f6ker uppenbart g\u00e5 in i rollen som eftert\u00e4nksam id\u00e9historiker snarare \u00e4n kaxig Timbrokille.<\/p>\n<p><img loading=\"lazy\"   alt=\"\"\/>\u00d6ppna bild i helsk\u00e4rm<\/p>\n<p>P\u00e5 \u00f6ver 500 sidor f\u00e5r vi l\u00e4sa om sju fascinerande epoker: antikens Aten, romarriket, Abbasidkalifatet, Songdynastins Kina, ren\u00e4ssansens Italien, Republiken F\u00f6renade Nederl\u00e4nderna och anglosf\u00e4ren sedan industriella revolutionen. Norberg \u00e4r en bel\u00e4st och frejdig ber\u00e4ttare, som inte kan anklagas f\u00f6r att blunda f\u00f6r guld\u00e5ldrarnas blodiga och f\u00f6rtryckande sidor. Han \u00e4r hela tiden tydlig med att slaveri varit en del av tiderna, \u00e4ven om han helst v\u00e4ljer gl\u00e4djen och fokuserar p\u00e5 framstegen. Helst ekonomiska s\u00e5dana.<\/p>\n<p>F\u00f6r trots att Norberg citerar en m\u00e4ngd olika historiker (som tyv\u00e4rr inte finns listade i n\u00e5gon bibliografi, bara en notapparat) k\u00e4nns hans historiesyn selektiv. Vad gillar <a href=\"https:\/\/www.expressen.se\/tagg\/person\/johan-norberg\/\" class=\"\" rel=\"nofollow noopener\" target=\"_blank\">Johan Norberg<\/a>? Frihandel! Konstigt nog visar sig detta g\u00e5ng p\u00e5 g\u00e5ng vara sj\u00e4lva grundf\u00f6ruts\u00e4ttningen f\u00f6r en civilisatorisk topp.<\/p>\n<p>Ber\u00e4ttelsen om varje guld\u00e5lder rymmer m\u00e4ngder av intressanta fakta \u2013 som att spartanerna var d\u00e5liga krigare, eller att Rom kombinerade imperialism med en v\u00e4lfungerande integration \u2013 men jag litar helt enkelt inte tillr\u00e4ckligt p\u00e5 hans omd\u00f6me f\u00f6r att bara \u00e5ka med.<\/p>\n<blockquote><p>Nu vet vi sedan gammalt att Johan Norberg \u00e4r ateist.<\/p><\/blockquote>\n<p>N\u00e4r han till exempel beskriver Roms fall in i medeltiden (otroligt m\u00f6rk, oavsett vad alla \u201drevisionistiska historiker\u201d s\u00e4ger) blir hans t\u00e4nkande uppenbart banalt. Vi f\u00e5r l\u00e4ra oss att \u201ddet romerska id\u00e9riket f\u00f6ll f\u00f6rst\u201d och \u201dingen var mer betydande f\u00f6r den h\u00e4r \u00f6verg\u00e5ngen \u00e4n teologen <strong>Augustinus<\/strong>\u201d. Augustinus, pessimistisk dogmatiker, underminerade allts\u00e5 hela civilisationen. P\u00e5 grund av hans in\u00e5tblickande mysticism f\u00f6rsvann \u201dm\u00f6jligheten till vetenskapliga och teknologiska framsteg h\u00e4r p\u00e5 jorden ur den intellektuella vokabul\u00e4ren\u201d i 800 \u00e5r!<\/p>\n<p>Annons<\/p>\n<p>Nu vet vi sedan gammalt att Johan Norberg \u00e4r ateist, men man beh\u00f6ver inte vara troende f\u00f6r att uppskatta Augustinus komplexa etik och kunskapsteori. Men som medeltidens portalgestalt blir han reducerad till representant f\u00f6r en kristendom som bara var m\u00f6rk och dum. Munkar l\u00e4ste tydligen bara \u201dav fromhet och plikt\u201d och gl\u00e4djen i att t\u00e4nka och skriva \u00e5terkom f\u00f6rst till Europa under ren\u00e4ssansen.<\/p>\n<p>D\u00e5 b\u00f6rjade ocks\u00e5 individualismen gro, delvis tack vare att uppfinning av spegelglaset m\u00f6jliggjorde sj\u00e4lviakttagelse, menar Norberg. Men v\u00e4nta, kom inte v\u00e4rldens f\u00f6rsta sj\u00e4lvbiografi l\u00e5ngt tidigare? Skriven av ingen mindre \u00e4n Augustinus, \u00e5r 397.<\/p>\n<p>Tyv\u00e4rr \u00e4r Norbergs historieskrivning alldeles f\u00f6r vinklad f\u00f6r s\u00e5dana resonemang. Det \u00e4r synd, f\u00f6r jag \u00f6nskar att jag hade kunnat s\u00f6rpla i mig allting han har att ber\u00e4tta om Songdynastin och Abbasidkalifatet, tv\u00e5 historiska perioder jag knappt vet n\u00e5got om. Men han gottar sig lite f\u00f6r mycket \u00e5t hur respekterad den vinstdrivande handeln var i Bagdad p\u00e5 800-talet, och n\u00e4r han citerar en kinesisk poet fr\u00e5n 1187 \u00e4r det inte f\u00f6r sk\u00f6nheten i verskonsten, utan f\u00f6r rader som \u201dNu f\u00f6rst\u00e5r jag att k\u00f6pm\u00e4n \u00e4r de lyckligaste m\u00e4nniskorna\u201d.<\/p>\n<blockquote><p>Joho, den industriella revolutionen var visst toppen, ocks\u00e5 f\u00f6r dem i samh\u00e4llets botten!<\/p><\/blockquote>\n<p>Om \u201dCivilisationens topp\u201d hade varit mer argumenterande hade hans resonemang kunnat bem\u00f6tas. Nu poserar den som objektiv historieskrivning, och delar man inte Norbergs v\u00e4rldsbild blir hans anekdotiska bevisf\u00f6ring f\u00f6r att frihandel leder till b\u00e4ttre liv sv\u00e5r att sv\u00e4lja. Joho, den industriella revolutionen var visst toppen, ocks\u00e5 f\u00f6r dem i samh\u00e4llets botten! Det var tydligen bara sentimentala bohemer som tyckte att det d\u00f6dliga fabriksarbetet verkade v\u00e4rre \u00e4n bondelivet.<\/p>\n<p>Men hans redog\u00f6relser f\u00f6r sambandet mellan fri r\u00f6rlighet och intellektuella framsteg \u00e4r mer omsorgsfullt uppbyggda, kanske f\u00f6r att han bestrider m\u00e5nga p\u00e5 h\u00f6gerkanten d\u00e4r. N\u00e4r trumpister menar att migrationen hotar att \u00f6del\u00e4gga civilisationen visar Norberg n\u00e4mligen p\u00e5 motsatsen. H\u00f6g inflyttning och tankeutbyten mellan kulturer har varit uppenbara f\u00f6ruts\u00e4ttningar f\u00f6r alla de h\u00f6gtst\u00e5ende samh\u00e4llen han skildrar.<\/p>\n<p>I en globaliserad v\u00e4rld \u00e4r det dock sv\u00e5rt att omedelbart kontextualisera s\u00e5dana insikter. Flyktingstr\u00f6mmar och informationsutbyten \u00e4r n\u00e5got annat i dag \u00e4n vad det innebar f\u00f6r Nederl\u00e4nderna under 1600-talet.<\/p>\n<p>Ett s\u00e5dant tankearbete kanske man kan hoppas p\u00e5 i Johan Norbergs n\u00e4sta bok.<\/p>\n<p>SAKPROSA<\/p>\n<p>JOHAN NORBERG<\/p>\n<p>Civilisationens topp. L\u00e4rdomar fr\u00e5n guld\u00e5ldrarnas uppg\u00e5ng och fall<\/p>\n<p>\u00d6vers\u00e4ttning Sanna Gillberg och Michael Larsson<\/p>\n<p>Timbro f\u00f6rlag, 511 s.<\/p>\n<p>Visa mer<\/p>\n<p>Lyra Eriksson Lindb\u00e4ck \u00e4r f\u00f6rfattare, doktor i filosofi och medarbetare p\u00e5 Expressens kultursida.\u00a0<\/p>\n","protected":false},"excerpt":{"rendered":"Publicerad 18 dec 2025 kl 14.00 F\u00f6rfattaren och liberalen Johan Norberg har hyllats i USA f\u00f6r sin bok&hellip;\n","protected":false},"author":2,"featured_media":110053,"comment_status":"","ping_status":"","sticky":false,"template":"","format":"standard","meta":{"footnotes":""},"categories":[67],"tags":[104,3755,2287,198,984,12175,34,438,31,33,32,30,1515,105],"class_list":{"0":"post-110052","1":"post","2":"type-post","3":"status-publish","4":"format-standard","5":"has-post-thumbnail","7":"category-underhallning","8":"tag-entertainment","9":"tag-organization-expressen-kultur","10":"tag-organization-timbro","11":"tag-person-donald-trump","12":"tag-person-elon-musk","13":"tag-person-johan-norberg","14":"tag-se","15":"tag-sections-bocker","16":"tag-svenska","17":"tag-sverige","18":"tag-sweden","19":"tag-swedish","20":"tag-topic-bokrecensioner","21":"tag-underhallning"},"share_on_mastodon":{"url":"https:\/\/pubeurope.com\/@se\/115740813982254141","error":""},"_links":{"self":[{"href":"https:\/\/www.europesays.com\/se\/wp-json\/wp\/v2\/posts\/110052","targetHints":{"allow":["GET"]}}],"collection":[{"href":"https:\/\/www.europesays.com\/se\/wp-json\/wp\/v2\/posts"}],"about":[{"href":"https:\/\/www.europesays.com\/se\/wp-json\/wp\/v2\/types\/post"}],"author":[{"embeddable":true,"href":"https:\/\/www.europesays.com\/se\/wp-json\/wp\/v2\/users\/2"}],"replies":[{"embeddable":true,"href":"https:\/\/www.europesays.com\/se\/wp-json\/wp\/v2\/comments?post=110052"}],"version-history":[{"count":0,"href":"https:\/\/www.europesays.com\/se\/wp-json\/wp\/v2\/posts\/110052\/revisions"}],"wp:featuredmedia":[{"embeddable":true,"href":"https:\/\/www.europesays.com\/se\/wp-json\/wp\/v2\/media\/110053"}],"wp:attachment":[{"href":"https:\/\/www.europesays.com\/se\/wp-json\/wp\/v2\/media?parent=110052"}],"wp:term":[{"taxonomy":"category","embeddable":true,"href":"https:\/\/www.europesays.com\/se\/wp-json\/wp\/v2\/categories?post=110052"},{"taxonomy":"post_tag","embeddable":true,"href":"https:\/\/www.europesays.com\/se\/wp-json\/wp\/v2\/tags?post=110052"}],"curies":[{"name":"wp","href":"https:\/\/api.w.org\/{rel}","templated":true}]}}