{"id":110056,"date":"2025-12-18T13:31:18","date_gmt":"2025-12-18T13:31:18","guid":{"rendered":"https:\/\/www.europesays.com\/se\/110056\/"},"modified":"2025-12-18T13:31:18","modified_gmt":"2025-12-18T13:31:18","slug":"bravida-installerar-sprinkler-i-ny-logistikanlaggning-pa-103-000-kvadratmeter","status":"publish","type":"post","link":"https:\/\/www.europesays.com\/se\/110056\/","title":{"rendered":"Bravida installerar sprinkler i ny logistikanl\u00e4ggning p\u00e5 103 000 kvadratmeter"},"content":{"rendered":"<p>&#13;<br \/>\n                        &#13;<br \/>\n&#13;<\/p>\n<p>                                    <img decoding=\"async\" src=\"https:\/\/www.europesays.com\/se\/wp-content\/uploads\/2025\/12\/8ddcf02119f2ca36_800x800ar.jpg\"\/><br \/>\n                                &#13;<br \/>\n&#13;<\/p>\n<p><strong>Bravida har f\u00e5tt i uppdrag av Lindesbergs Bygg att installera sprinklerl\u00f6sningar f\u00f6r brandskydd i en ny logistikanl\u00e4ggning i mellersta Sverige som \u00e4gs av Torngrund Fastigheter.\u00a0<\/strong><\/p>\n<p>&#13;<\/p>\n<p style=\"margin-top:12px;\">Det nya logistikcentret som byggs best\u00e5r av tv\u00e5 byggnader p\u00e5 80\u202f000 respektive 23\u202f000 kvadratmeter. Anl\u00e4ggningen rymmer varmlager, kallager, kontor, teknikutrymmen och utlastningsytor. I Bravidas uppdrag ing\u00e5r en totalentreprenad f\u00f6r sprinklerinstallationerna i anl\u00e4ggningen, vilket omfattar projektering, installation och drifts\u00e4ttning av brandskyddsl\u00f6sningarna.<\/p>\n<p>Maria M Algotsson, avdelningschef f\u00f6r avdelningen Sprinkler Mitt p\u00e5 Bravida, kommenterar:\u00a0<\/p>\n<p>\u2013 Det h\u00e4r \u00e4r ett stort och viktigt projekt f\u00f6r oss med en ny kund f\u00f6r Bravida Sprinkler och en anl\u00e4ggning som st\u00e4ller h\u00f6ga krav p\u00e5 tekniska l\u00f6sningar. Vi ser fram emot att visa v\u00e5r kompetens inom sprinklerinstallationer i stora och komplexa logistikanl\u00e4ggningar och att bidra till ett s\u00e4kert och v\u00e4lfungerande logistikcenter.<\/p>\n<p>Bravida har p\u00e5b\u00f6rjat sitt arbete i projektet som f\u00f6rv\u00e4ntas p\u00e5g\u00e5 till december 2026.<\/p>\n<p><strong>F\u00f6r mer information, v\u00e4nligen kontakta:\u00a0<\/strong><br \/>Liselotte Stray<br \/>Kommunikationschef<br \/><a href=\"https:\/\/news.cision.com\/se\/bravida-sverige\/r\/mailto:liselotte.stray@bravida.se\" rel=\"nofollow noopener\" target=\"_blank\">liselotte.stray@bravida.se<\/a><br \/>+46 76 852 38 11<\/p>\n<p>&#13;<br \/>\n&#13;<br \/>\n&#13;<br \/>\n&#13;<\/p>\n<p><strong>Bra fastigheter g\u00f6r skillnad, d\u00e4rf\u00f6r finns Bravida.\u00a0<\/strong>Som en av Nordens ledande leverant\u00f6rer av tekniska helhetsl\u00f6sningar inom service och installation hj\u00e4lper vi v\u00e5ra kunder att skapa v\u00e4l fungerande och h\u00e5llbara fastigheter.\u00a0<\/p>\n<p>Bravidas l\u00e5ngsiktiga m\u00e5l \u00e4r att vara klimatneutral i hela v\u00e4rdekedjan \u00e5r 2045. Vi har 14 000 medarbetare och finns p\u00e5 cirka 190 orter i Sverige, Norge, Danmark och Finland. Bravidas aktie \u00e4r noterad p\u00e5 Nasdaq Stockholm.\u00a0<a href=\"http:\/\/www.bravida.se\/\" target=\"_blank\" rel=\"nofollow noopener\">www.bravida.se<\/a><\/p>\n","protected":false},"excerpt":{"rendered":"&#13; &#13; &#13; &#13; &#13; Bravida har f\u00e5tt i uppdrag av Lindesbergs Bygg att installera sprinklerl\u00f6sningar f\u00f6r brandskydd&hellip;\n","protected":false},"author":2,"featured_media":110057,"comment_status":"","ping_status":"","sticky":false,"template":"","format":"standard","meta":{"footnotes":""},"categories":[65],"tags":[72,70,71,34,31,33,32,30],"class_list":{"0":"post-110056","1":"post","2":"type-post","3":"status-publish","4":"format-standard","5":"has-post-thumbnail","7":"category-ekonomi","8":"tag-business","9":"tag-economy","10":"tag-ekonomi","11":"tag-se","12":"tag-svenska","13":"tag-sverige","14":"tag-sweden","15":"tag-swedish"},"share_on_mastodon":{"url":"https:\/\/pubeurope.com\/@se\/115740821840154903","error":""},"_links":{"self":[{"href":"https:\/\/www.europesays.com\/se\/wp-json\/wp\/v2\/posts\/110056","targetHints":{"allow":["GET"]}}],"collection":[{"href":"https:\/\/www.europesays.com\/se\/wp-json\/wp\/v2\/posts"}],"about":[{"href":"https:\/\/www.europesays.com\/se\/wp-json\/wp\/v2\/types\/post"}],"author":[{"embeddable":true,"href":"https:\/\/www.europesays.com\/se\/wp-json\/wp\/v2\/users\/2"}],"replies":[{"embeddable":true,"href":"https:\/\/www.europesays.com\/se\/wp-json\/wp\/v2\/comments?post=110056"}],"version-history":[{"count":0,"href":"https:\/\/www.europesays.com\/se\/wp-json\/wp\/v2\/posts\/110056\/revisions"}],"wp:featuredmedia":[{"embeddable":true,"href":"https:\/\/www.europesays.com\/se\/wp-json\/wp\/v2\/media\/110057"}],"wp:attachment":[{"href":"https:\/\/www.europesays.com\/se\/wp-json\/wp\/v2\/media?parent=110056"}],"wp:term":[{"taxonomy":"category","embeddable":true,"href":"https:\/\/www.europesays.com\/se\/wp-json\/wp\/v2\/categories?post=110056"},{"taxonomy":"post_tag","embeddable":true,"href":"https:\/\/www.europesays.com\/se\/wp-json\/wp\/v2\/tags?post=110056"}],"curies":[{"name":"wp","href":"https:\/\/api.w.org\/{rel}","templated":true}]}}