{"id":110066,"date":"2025-12-18T13:40:12","date_gmt":"2025-12-18T13:40:12","guid":{"rendered":"https:\/\/www.europesays.com\/se\/110066\/"},"modified":"2025-12-18T13:40:12","modified_gmt":"2025-12-18T13:40:12","slug":"ny-monsterrunda-i-svenska-ai-undret-blir-hogst-varderad-di","status":"publish","type":"post","link":"https:\/\/www.europesays.com\/se\/110066\/","title":{"rendered":"Ny monsterrunda i svenska AI-undret \u2013 blir h\u00f6gst v\u00e4rderad &#8211; DI"},"content":{"rendered":"<ol>\n<li><a href=\"https:\/\/news.google.com\/rss\/articles\/CBMiigFBVV95cUxNSUlhdE5iVDg0UHY1cW1GaV9wT2c5c3V2d29DR1R3ODU1QnJJWGQ4UHgwMTZISF9GaXBKUnRMVmJqNG54eS1Cd3B5OEVLaUpGVlgzRVluVUZmR3lHNXlCaU1LYWxpSHBhWVJ4MEl3cHp1MjQxV0k4cXVUQW1EWXFRTkZJcHZJZ0x2VEE?oc=5\" target=\"_blank\" rel=\"nofollow noopener\">Ny monsterrunda i svenska AI-undret \u2013 blir h\u00f6gst v\u00e4rderad<\/a>&nbsp;&nbsp;DI<\/li>\n<li><a href=\"https:\/\/news.google.com\/rss\/articles\/CBMidEFVX3lxTFBlUGV6LVI2NzNlLWpjQWNSbHU0eVJtVHVPVmgtX3NMdHBzNm5WZUZZQVdYWER5YTFmbVZlY2dtM1ZJdTlpdHlvOGNZMk1faGNld0V3MG11TTFpSlV2QzRKMVZaazFFakQxc2VBd0dUNExYTW9Y?oc=5\" target=\"_blank\" rel=\"nofollow noopener\">K\u00e4llor: Lovable v\u00e4rderas till 61 miljarder<\/a>&nbsp;&nbsp;Omni<\/li>\n<li><a href=\"https:\/\/news.google.com\/rss\/articles\/CBMi3wFBVV95cUxQaGFJRU5CNzZTd3lVaUdydVo5ZmF0WmJPSjkxZThVamlUMTVPbklSSEllVjUwbU1XdVI5Q1Y5M21GdUtSd1h2aUpUZVhhTWpiNUxzOVZMWmNyd3o4UFRlRzg4NUVzQ09iOWZxVzljZ0RsLW42Q3NQaU1VTlR6X1BFOVY4NzNNV3NmTG5DZmZVLVppSkI0eG1pT1JwTUFPS3JRelV4QmpjaFN6M0Ewc21CdmhFYkRZSVJMb3ZQUTYydzJSakp3SDFORzFSVm13WGhWa05iekdZaENibWlHUGpV?oc=5\" target=\"_blank\" rel=\"nofollow noopener\">Svenska AI-startupen Lovable v\u00e4rderas till 6,6 miljarder dollar i senaste finansieringsrundan<\/a>&nbsp;&nbsp;Investing.com Sverige<\/li>\n<li><a href=\"https:\/\/news.google.com\/rss\/articles\/CBMigAFBVV95cUxOMEF5TE1QblMxZkVzZktBT2FpZURwTGxoY0ZUaExERFdkS29IcFRyaW5ENW9mOEhNMEI2QVlraTlFS1I1TXY1X2lLaVZEZmxQUHlDR2dDWGI5VlVrVVFwVG80YUhCU2RYbWNqQmRqZS0tUlVjRGJQVFYzeTlfM2MyaQ?oc=5\" target=\"_blank\" rel=\"nofollow noopener\">Lovable st\u00e4nger ny miljardrunda \u2013 techgiganter g\u00e5r in<\/a>&nbsp;&nbsp;Breakit<\/li>\n<li><a href=\"https:\/\/news.google.com\/rss\/articles\/CBMieEFVX3lxTE1tSGZ6UUt0V1dDS1YwOTFwemhuemRFbmUtV0paMGZxQi1JdDBYdUY0bVpKdzYwWWlEUm5aLVBFTVphRFhkdVhNay01U3Etc0RUQ2g1OWtUUGlPMmhDUnBQY2t4X2d5RHdqY1o4RGJ0N0NSb2pXMFpYRw?oc=5\" target=\"_blank\" rel=\"nofollow noopener\">Klart: Lovable f\u00e5r ny monsterv\u00e4rdering<\/a>&nbsp;&nbsp;Omni Ekonomi<\/li>\n<\/ol>\n","protected":false},"excerpt":{"rendered":"Ny monsterrunda i svenska AI-undret \u2013 blir h\u00f6gst v\u00e4rderad&nbsp;&nbsp;DI K\u00e4llor: Lovable v\u00e4rderas till 61 miljarder&nbsp;&nbsp;Omni Svenska AI-startupen Lovable&hellip;\n","protected":false},"author":2,"featured_media":110067,"comment_status":"","ping_status":"","sticky":false,"template":"","format":"standard","meta":{"footnotes":""},"categories":[65],"tags":[72,70,71,34,31,33,32,30],"class_list":{"0":"post-110066","1":"post","2":"type-post","3":"status-publish","4":"format-standard","5":"has-post-thumbnail","7":"category-ekonomi","8":"tag-business","9":"tag-economy","10":"tag-ekonomi","11":"tag-se","12":"tag-svenska","13":"tag-sverige","14":"tag-sweden","15":"tag-swedish"},"share_on_mastodon":{"url":"https:\/\/pubeurope.com\/@se\/115740857039113364","error":""},"_links":{"self":[{"href":"https:\/\/www.europesays.com\/se\/wp-json\/wp\/v2\/posts\/110066","targetHints":{"allow":["GET"]}}],"collection":[{"href":"https:\/\/www.europesays.com\/se\/wp-json\/wp\/v2\/posts"}],"about":[{"href":"https:\/\/www.europesays.com\/se\/wp-json\/wp\/v2\/types\/post"}],"author":[{"embeddable":true,"href":"https:\/\/www.europesays.com\/se\/wp-json\/wp\/v2\/users\/2"}],"replies":[{"embeddable":true,"href":"https:\/\/www.europesays.com\/se\/wp-json\/wp\/v2\/comments?post=110066"}],"version-history":[{"count":0,"href":"https:\/\/www.europesays.com\/se\/wp-json\/wp\/v2\/posts\/110066\/revisions"}],"wp:featuredmedia":[{"embeddable":true,"href":"https:\/\/www.europesays.com\/se\/wp-json\/wp\/v2\/media\/110067"}],"wp:attachment":[{"href":"https:\/\/www.europesays.com\/se\/wp-json\/wp\/v2\/media?parent=110066"}],"wp:term":[{"taxonomy":"category","embeddable":true,"href":"https:\/\/www.europesays.com\/se\/wp-json\/wp\/v2\/categories?post=110066"},{"taxonomy":"post_tag","embeddable":true,"href":"https:\/\/www.europesays.com\/se\/wp-json\/wp\/v2\/tags?post=110066"}],"curies":[{"name":"wp","href":"https:\/\/api.w.org\/{rel}","templated":true}]}}