{"id":110074,"date":"2025-12-18T13:48:08","date_gmt":"2025-12-18T13:48:08","guid":{"rendered":"https:\/\/www.europesays.com\/se\/110074\/"},"modified":"2025-12-18T13:48:08","modified_gmt":"2025-12-18T13:48:08","slug":"nu-blir-det-lattare-for-unga-att-kopa-sin-forsta-bostad","status":"publish","type":"post","link":"https:\/\/www.europesays.com\/se\/110074\/","title":{"rendered":"Nu blir det l\u00e4ttare f\u00f6r unga att k\u00f6pa sin f\u00f6rsta bostad"},"content":{"rendered":"<p>    <img width=\"1280\" height=\"854\" src=\"https:\/\/www.europesays.com\/se\/wp-content\/uploads\/2025\/12\/d8f5dfc2-beaa-4867-ae44-c8a4390b553e-e1766061807233.jpg\" class=\"attachment-full size-full\" alt=\"\" loading=\"eager\" decoding=\"async\" fetchpriority=\"high\"\/>    <\/p>\n<p>Att arbeta h\u00e5rt och ta ansvar f\u00f6r sin egen f\u00f6rs\u00f6rjning ska r\u00e4cka f\u00f6r att kunna k\u00f6pa sin f\u00f6rsta bostad.<\/p>\n<p>I dag st\u00e4ngs m\u00e5nga m\u00e4nniskor ute fr\u00e5n bostadsmarknaden, trots att de har jobb och trygg inkomst. Det g\u00e4ller unga som sparar m\u00e5nad efter m\u00e5nad men inte har pengar hemifr\u00e5n. Det g\u00e4ller ensamst\u00e5ende som jobbar heltid men inte klarar bankernas kalkylkrav. Och det g\u00e4ller barnfamiljer som vill ge sina barn ett eget rum men inte har r\u00e5d att flytta. I Sverige ska den som tar ansvar och anstr\u00e4nger sig kunna bygga sitt liv.<\/p>\n<p>Nu s\u00e4nker regeringen tr\u00f6sklarna p\u00e5 bostadsmarknaden, samtidigt som vi v\u00e4rnar den finansiella stabiliteten. Bol\u00e5netaket h\u00f6js till 90 procent av bostadens v\u00e4rde och det sk\u00e4rpta amorteringskravet tas bort. Det betyder att fler f\u00e5r m\u00f6jlighet att k\u00f6pa sin f\u00f6rsta bostad, och m\u00e5nga hush\u00e5ll runt om i Sverige frig\u00f6r ekonomiskt utrymme \u2013 ibland handlar det om tusentals kronor i m\u00e5naden.<\/p>\n<p>F\u00f6r den som sparar 2 500 kronor i m\u00e5naden kan tiden till den f\u00f6rsta l\u00e4genheten kortas med flera \u00e5r. F\u00f6r en ensamst\u00e5ende kan m\u00e5nadskostnaden sjunka med 1 500 kronor \u2013 det kan vara skillnaden mellan att f\u00e5 ja eller nej fr\u00e5n banken. F\u00f6r en barnfamilj kan det handla om 4 000 kronor mer i m\u00e5naden. F\u00f6r\u00e4ndringarna minskar ocks\u00e5 behovet av dyra l\u00e5n utan s\u00e4kerhet som idag anv\u00e4nds som komplement vid bostadsk\u00f6p.<\/p>\n<p>Det \u00e4r viktigt med regler som begr\u00e4nsar hur mycket man kan l\u00e5na, men de beh\u00f6ver vara proportionerliga och tj\u00e4na sina syften. Vi bed\u00f6mer inte att de h\u00e4r f\u00f6r\u00e4ndringarna p\u00e5verkar stabiliteten i svensk ekonomi, som alltid m\u00e5ste v\u00e4rnas f\u00f6r att s\u00e4kra grogrund f\u00f6r jobb och tillv\u00e4xt.<\/p>\n<p>Steg f\u00f6r steg bygger vi ett rikare Sverige d\u00e4r fler kan k\u00f6pa sin f\u00f6rsta bostad, d\u00e4r barnfamiljer kan ge sina barn ett eget rum, och d\u00e4r h\u00e5rt arbete och ansvar r\u00e4cker f\u00f6r att bygga sitt liv.<\/p>\n<p>\n    L\u00e4s mer\n<\/p>\n<p>Ta st\u00e4llning och dela artikeln<\/p>\n","protected":false},"excerpt":{"rendered":"Att arbeta h\u00e5rt och ta ansvar f\u00f6r sin egen f\u00f6rs\u00f6rjning ska r\u00e4cka f\u00f6r att kunna k\u00f6pa sin f\u00f6rsta&hellip;\n","protected":false},"author":2,"featured_media":110075,"comment_status":"","ping_status":"","sticky":false,"template":"","format":"standard","meta":{"footnotes":""},"categories":[65],"tags":[72,70,71,34,31,33,32,30],"class_list":{"0":"post-110074","1":"post","2":"type-post","3":"status-publish","4":"format-standard","5":"has-post-thumbnail","7":"category-ekonomi","8":"tag-business","9":"tag-economy","10":"tag-ekonomi","11":"tag-se","12":"tag-svenska","13":"tag-sverige","14":"tag-sweden","15":"tag-swedish"},"share_on_mastodon":{"url":"https:\/\/pubeurope.com\/@se\/115740888797779666","error":""},"_links":{"self":[{"href":"https:\/\/www.europesays.com\/se\/wp-json\/wp\/v2\/posts\/110074","targetHints":{"allow":["GET"]}}],"collection":[{"href":"https:\/\/www.europesays.com\/se\/wp-json\/wp\/v2\/posts"}],"about":[{"href":"https:\/\/www.europesays.com\/se\/wp-json\/wp\/v2\/types\/post"}],"author":[{"embeddable":true,"href":"https:\/\/www.europesays.com\/se\/wp-json\/wp\/v2\/users\/2"}],"replies":[{"embeddable":true,"href":"https:\/\/www.europesays.com\/se\/wp-json\/wp\/v2\/comments?post=110074"}],"version-history":[{"count":0,"href":"https:\/\/www.europesays.com\/se\/wp-json\/wp\/v2\/posts\/110074\/revisions"}],"wp:featuredmedia":[{"embeddable":true,"href":"https:\/\/www.europesays.com\/se\/wp-json\/wp\/v2\/media\/110075"}],"wp:attachment":[{"href":"https:\/\/www.europesays.com\/se\/wp-json\/wp\/v2\/media?parent=110074"}],"wp:term":[{"taxonomy":"category","embeddable":true,"href":"https:\/\/www.europesays.com\/se\/wp-json\/wp\/v2\/categories?post=110074"},{"taxonomy":"post_tag","embeddable":true,"href":"https:\/\/www.europesays.com\/se\/wp-json\/wp\/v2\/tags?post=110074"}],"curies":[{"name":"wp","href":"https:\/\/api.w.org\/{rel}","templated":true}]}}