{"id":110076,"date":"2025-12-18T13:49:07","date_gmt":"2025-12-18T13:49:07","guid":{"rendered":"https:\/\/www.europesays.com\/se\/110076\/"},"modified":"2025-12-18T13:49:07","modified_gmt":"2025-12-18T13:49:07","slug":"kulturell-forstaelse-avgorande-for-vard-till-urfolk-i-amazonas","status":"publish","type":"post","link":"https:\/\/www.europesays.com\/se\/110076\/","title":{"rendered":"Kulturell f\u00f6rst\u00e5else avg\u00f6rande f\u00f6r v\u00e5rd till urfolk i Amazonas"},"content":{"rendered":"<p>Att omr\u00e5det var mitt inne i en h\u00e4lsokris bekr\u00e4ftades av Brasiliens regering som i april 2023 deklarerade att l\u00e4get f\u00f6r m\u00e4nniskors h\u00e4lsa i Terra Ind\u00edgena Yanomami var akut. Ut\u00f6ver <a href=\"https:\/\/lakareutangranser.se\/vad-vi-gor\/vara-arbetsomraden\/malaria\" data-entity-type=\"node\" data-entity-uuid=\"aab8aae2-7dac-4b0f-a283-990452fb39b8\" data-entity-substitution=\"canonical\" rel=\"nofollow noopener\" target=\"_blank\">malaria <\/a>och <a href=\"https:\/\/lakareutangranser.se\/vad-vi-gor\/vara-arbetsomraden\/undernaring\" data-entity-type=\"node\" data-entity-uuid=\"da45a214-1e65-4e3f-880c-09fd3a9015e7\" data-entity-substitution=\"canonical\" rel=\"nofollow noopener\" target=\"_blank\">undern\u00e4ring <\/a>fanns stora behov av psykologiskt st\u00f6d. \u00c4ven infrastrukturen beh\u00f6vde rustas upp.<\/p>\n<p>F\u00f6r att tillgodose behoven startade vi d\u00e4rf\u00f6r ett projekt med fokus bland annat p\u00e5 att diagnosticera och behandla malaria, ge psykologiskt st\u00f6d och sprida h\u00e4lsoinformation.<\/p>\n<p>F\u00f6rst\u00e5else f\u00f6r urfolkens kultur<\/p>\n<p>Sedan starten 2023 har en grundsten i v\u00e5r insats varit att ha f\u00f6rst\u00e5else f\u00f6r urfolkens kultur. B\u00e5de <a href=\"https:\/\/lakareutangranser.se\/nyheter\/sanningen-bakom-siffrorna\" data-entity-type=\"node\" data-entity-uuid=\"498afaa8-b566-4e9a-908e-9cf12bd693ca\" data-entity-substitution=\"canonical\" rel=\"nofollow noopener\" target=\"_blank\">socialantropologer <\/a>och kulturtolkar, det vill s\u00e4ga personer som kommer fr\u00e5n lokalsamh\u00e4llet och kan tolka b\u00e5de spr\u00e5k och kultur, har d\u00e4rf\u00f6r spelat en viktig roll. Det medicinska arbetet har handlat mycket om att lyssna och anpassa. De h\u00e4ngande sjukhuss\u00e4ngarna \u00e4r ett exempel p\u00e5 det.<\/p>\n<p>\u2013 Vi har investerat i att genom antropologi f\u00f6rst\u00e5 de olika urfolkens v\u00e4rldsbild och hur de ser p\u00e5 kroppen, sjukdom och l\u00e4kande. N\u00e4r man har en f\u00f6rst\u00e5else f\u00f6r det kan biomedicin och urfolkens traditioner fungera tillsammans, s\u00e4ger antropologen Maria Auxiliadora.<\/p>\n<p>Miro San\u00f6ma som bor i samh\u00e4llet Kululu tycker att projektet har lyckats med just den kombinationen.<\/p>\n<p>\u2013 Urfolk och icke urfolk, l\u00e4kare och shamaner, jobbar tillsammans. N\u00e4r en person blir sjuk g\u00f6r de f\u00f6rst en l\u00e4kande ritual, sen g\u00e5r de till kliniken, s\u00e4ger han.<\/p>\n","protected":false},"excerpt":{"rendered":"Att omr\u00e5det var mitt inne i en h\u00e4lsokris bekr\u00e4ftades av Brasiliens regering som i april 2023 deklarerade att&hellip;\n","protected":false},"author":2,"featured_media":110077,"comment_status":"","ping_status":"","sticky":false,"template":"","format":"standard","meta":{"footnotes":""},"categories":[14],"tags":[22,23,26,27,17,21,24,25,28,29,15,16,18,34,31,33,32,30,19,20,51,52,53,54],"class_list":{"0":"post-110076","1":"post","2":"type-post","3":"status-publish","4":"format-standard","5":"has-post-thumbnail","7":"category-varlden","8":"tag-breaking-news","9":"tag-breakingnews","10":"tag-featured-news","11":"tag-featurednews","12":"tag-headlines","13":"tag-huvudnyheter","14":"tag-latest-news","15":"tag-latestnews","16":"tag-main-news","17":"tag-mainnews","18":"tag-news","19":"tag-nyheter","20":"tag-rubriker","21":"tag-se","22":"tag-svenska","23":"tag-sverige","24":"tag-sweden","25":"tag-swedish","26":"tag-top-stories","27":"tag-topstories","28":"tag-varlden","29":"tag-world","30":"tag-world-news","31":"tag-worldnews"},"share_on_mastodon":{"url":"https:\/\/pubeurope.com\/@se\/115740892470355224","error":""},"_links":{"self":[{"href":"https:\/\/www.europesays.com\/se\/wp-json\/wp\/v2\/posts\/110076","targetHints":{"allow":["GET"]}}],"collection":[{"href":"https:\/\/www.europesays.com\/se\/wp-json\/wp\/v2\/posts"}],"about":[{"href":"https:\/\/www.europesays.com\/se\/wp-json\/wp\/v2\/types\/post"}],"author":[{"embeddable":true,"href":"https:\/\/www.europesays.com\/se\/wp-json\/wp\/v2\/users\/2"}],"replies":[{"embeddable":true,"href":"https:\/\/www.europesays.com\/se\/wp-json\/wp\/v2\/comments?post=110076"}],"version-history":[{"count":0,"href":"https:\/\/www.europesays.com\/se\/wp-json\/wp\/v2\/posts\/110076\/revisions"}],"wp:featuredmedia":[{"embeddable":true,"href":"https:\/\/www.europesays.com\/se\/wp-json\/wp\/v2\/media\/110077"}],"wp:attachment":[{"href":"https:\/\/www.europesays.com\/se\/wp-json\/wp\/v2\/media?parent=110076"}],"wp:term":[{"taxonomy":"category","embeddable":true,"href":"https:\/\/www.europesays.com\/se\/wp-json\/wp\/v2\/categories?post=110076"},{"taxonomy":"post_tag","embeddable":true,"href":"https:\/\/www.europesays.com\/se\/wp-json\/wp\/v2\/tags?post=110076"}],"curies":[{"name":"wp","href":"https:\/\/api.w.org\/{rel}","templated":true}]}}