{"id":110084,"date":"2025-12-18T13:54:16","date_gmt":"2025-12-18T13:54:16","guid":{"rendered":"https:\/\/www.europesays.com\/se\/110084\/"},"modified":"2025-12-18T13:54:16","modified_gmt":"2025-12-18T13:54:16","slug":"james-bond-nostalgi-for-hela-slanten-i-hakan-brakan-003","status":"publish","type":"post","link":"https:\/\/www.europesays.com\/se\/110084\/","title":{"rendered":"James Bond-nostalgi f\u00f6r hela slanten i &#8221;H\u00e5kan Br\u00e5kan 003&#8221;"},"content":{"rendered":"<p>Familj\/KomediTitel: H\u00e5kan Br\u00e5kan 003Visas p\u00e5: NF Bio Gr\u00e4nbyI rollerna: Silas Strand, Mario Mustafa, Sissela BennRegi: Ted KjellsonSpeltid: 94 minBetyg: 3H\u00e5kan har problem. B\u00e4stisen Beiron \u00e4r pl\u00f6tsligt mer intresserad av en tjej \u00e4n av att leka \u00e4ventyr. Han har tr\u00f6ttnat p\u00e5 att kv\u00e4ll efter kv\u00e4ll se om samma gamla filmer med actionhj\u00e4lten Jens Raptor, en f\u00f6redetting som i<\/p>\n","protected":false},"excerpt":{"rendered":"Familj\/KomediTitel: H\u00e5kan Br\u00e5kan 003Visas p\u00e5: NF Bio Gr\u00e4nbyI rollerna: Silas Strand, Mario Mustafa, Sissela BennRegi: Ted KjellsonSpeltid: 94&hellip;\n","protected":false},"author":2,"featured_media":110085,"comment_status":"","ping_status":"","sticky":false,"template":"","format":"standard","meta":{"footnotes":""},"categories":[67],"tags":[104,34,31,33,32,30,105],"class_list":{"0":"post-110084","1":"post","2":"type-post","3":"status-publish","4":"format-standard","5":"has-post-thumbnail","7":"category-underhallning","8":"tag-entertainment","9":"tag-se","10":"tag-svenska","11":"tag-sverige","12":"tag-sweden","13":"tag-swedish","14":"tag-underhallning"},"share_on_mastodon":{"url":"https:\/\/pubeurope.com\/@se\/115740912274663604","error":""},"_links":{"self":[{"href":"https:\/\/www.europesays.com\/se\/wp-json\/wp\/v2\/posts\/110084","targetHints":{"allow":["GET"]}}],"collection":[{"href":"https:\/\/www.europesays.com\/se\/wp-json\/wp\/v2\/posts"}],"about":[{"href":"https:\/\/www.europesays.com\/se\/wp-json\/wp\/v2\/types\/post"}],"author":[{"embeddable":true,"href":"https:\/\/www.europesays.com\/se\/wp-json\/wp\/v2\/users\/2"}],"replies":[{"embeddable":true,"href":"https:\/\/www.europesays.com\/se\/wp-json\/wp\/v2\/comments?post=110084"}],"version-history":[{"count":0,"href":"https:\/\/www.europesays.com\/se\/wp-json\/wp\/v2\/posts\/110084\/revisions"}],"wp:featuredmedia":[{"embeddable":true,"href":"https:\/\/www.europesays.com\/se\/wp-json\/wp\/v2\/media\/110085"}],"wp:attachment":[{"href":"https:\/\/www.europesays.com\/se\/wp-json\/wp\/v2\/media?parent=110084"}],"wp:term":[{"taxonomy":"category","embeddable":true,"href":"https:\/\/www.europesays.com\/se\/wp-json\/wp\/v2\/categories?post=110084"},{"taxonomy":"post_tag","embeddable":true,"href":"https:\/\/www.europesays.com\/se\/wp-json\/wp\/v2\/tags?post=110084"}],"curies":[{"name":"wp","href":"https:\/\/api.w.org\/{rel}","templated":true}]}}