{"id":110088,"date":"2025-12-18T13:56:07","date_gmt":"2025-12-18T13:56:07","guid":{"rendered":"https:\/\/www.europesays.com\/se\/110088\/"},"modified":"2025-12-18T13:56:07","modified_gmt":"2025-12-18T13:56:07","slug":"med-anledning-av-situationen-i-ukraina","status":"publish","type":"post","link":"https:\/\/www.europesays.com\/se\/110088\/","title":{"rendered":"Med anledning av situationen i Ukraina"},"content":{"rendered":"<p class=\"csn-formatmall-brodtext\">\u00a0<\/p>\n<p>Vad g\u00e4ller idag f\u00f6r personer som flytt till Sverige och vill studera?<\/p>\n<p class=\"csn-formatmall-brodtext\">F\u00f6r att du som \u00e4r utl\u00e4ndsk medborgare ska ha r\u00e4tt till svenskt studiest\u00f6d ska du<\/p>\n<ul class=\" csn-formatmall-brodtext\">\n<li>vara bosatt i Sverige<\/li>\n<li>ha ett s\u00e5dant uppeh\u00e5llstillst\u00e5nd som ger r\u00e4tt till studiest\u00f6d.<\/li>\n<\/ul>\n<p class=\"csn-formatmall-brodtext\">Personer som har flytt fr\u00e5n Ukraina som f\u00e5tt uppeh\u00e5llstillst\u00e5nd enligt EU:s massflyktsdirektiv har i dagsl\u00e4get inte r\u00e4tt till svenskt studiest\u00f6d.<\/p>\n<p class=\"csn-formatmall-brodtext\">F\u00f6r att du som har f\u00e5tt uppeh\u00e5llstillst\u00e5nd med st\u00f6d av EU:s massflyktsdirektiv ska ha r\u00e4tt till studiest\u00f6d idag kr\u00e4vs att det finns s\u00e4rskilda sk\u00e4l. Det \u00e4r en individuell bed\u00f6mning som g\u00f6rs i varje enskilt \u00e4rende. F\u00f6r att det ska finnas s\u00e4rskilda sk\u00e4l kr\u00e4vs att du har en s\u00e4rskilt stark anknytning till Sverige. Det kan vara att du har en stark familjeanknytning hit eller att Migrationsverket har beviljat dig flyktingstatus eller alternativ skyddsstatusf\u00f6rklaring.<\/p>\n<p class=\"csn-formatmall-brodtext\"><a href=\"https:\/\/www.csn.se\/bidrag-och-lan\/for-din-situation\/utlandsk-medborgare\/ny-i-sverige.html\" rel=\"nofollow noopener\" target=\"_blank\">Mer om studiest\u00f6d f\u00f6r dig som har flyktingstatus eller alternativ skyddsstatusf\u00f6rklaring i Sverige<\/a><\/p>\n<p>Information for persons who have fled Ukraine<\/p>\n<p class=\"csn-formatmall-brodtext\">The Riksdag has decided to change the law concerning the right to study allowance and student grants and loans for persons who have fled Ukraine. The changed law will take effect on 1 January 2026.<\/p>\n<p class=\"csn-formatmall-brodtext\">Under the changed law, persons who have fled Ukraine, hold a residence permit under the Temporary Protection Directive, and have held such a permit for at least 12 months, will be eligible for study allowance and student grants and loans from 1 January 2026.<\/p>\n<p class=\"csn-formatmall-brodtext\">CSN cannot make decisions based on the changed law until it comes into force, i.e from 1 Jnauary 2026. Nor will we be able to pay out study allowance or student grants and loans retroactively, unless other conditions are met, such as special reasons.<\/p>\n<p>What are the current conditions for people who have fled to Sweden and want to study?<\/p>\n<p class=\"csn-formatmall-brodtext\">If you have fled Ukraine and hold a residence permit with temporary protection under the EU Temporary Protection Directive issued by the Swedish Migration Agency (Migrationsverket), you are currently not eligible for Swedish student finance.<\/p>\n<p class=\"csn-formatmall-brodtext\">To be eligible for Swedish student finance before the changed law takes effect you must have a very strong connection to Sweden, such as close family ties. You may also be eligible if you have applied for asylum in Sweden and the Swedish Migration Agency has granted you refugee status.<\/p>\n<p>Vad g\u00e4ller f\u00f6r studier i Ukraina?<br \/>Ny ans\u00f6kan om studiemedel<\/p>\n<p class=\"csn-formatmall-brodtext\">I och med UD:s avr\u00e5dan f\u00e5r inte CSN bevilja studiemedel f\u00f6r utlandsstudier i Ukraina.<\/p>\n<p>L\u00e4s mer p\u00e5 andra webbplatser<\/p>\n<p class=\"csn-formatmall-brodtext\">L\u00e4s p\u00e5 <a href=\"https:\/\/www.migrationsverket.se\" rel=\"nofollow noopener\" target=\"_blank\">Migrationsverkets webbplats<\/a> om vad som g\u00e4ller f\u00f6r personer som s\u00f6ker sig till Sverige med anledning av kriget i Ukraina.<\/p>\n","protected":false},"excerpt":{"rendered":"\u00a0 Vad g\u00e4ller idag f\u00f6r personer som flytt till Sverige och vill studera? F\u00f6r att du som \u00e4r&hellip;\n","protected":false},"author":2,"featured_media":110089,"comment_status":"","ping_status":"","sticky":false,"template":"","format":"standard","meta":{"footnotes":""},"categories":[65],"tags":[72,70,71,34,31,33,32,30],"class_list":{"0":"post-110088","1":"post","2":"type-post","3":"status-publish","4":"format-standard","5":"has-post-thumbnail","7":"category-ekonomi","8":"tag-business","9":"tag-economy","10":"tag-ekonomi","11":"tag-se","12":"tag-svenska","13":"tag-sverige","14":"tag-sweden","15":"tag-swedish"},"share_on_mastodon":{"url":"https:\/\/pubeurope.com\/@se\/115740919958958958","error":""},"_links":{"self":[{"href":"https:\/\/www.europesays.com\/se\/wp-json\/wp\/v2\/posts\/110088","targetHints":{"allow":["GET"]}}],"collection":[{"href":"https:\/\/www.europesays.com\/se\/wp-json\/wp\/v2\/posts"}],"about":[{"href":"https:\/\/www.europesays.com\/se\/wp-json\/wp\/v2\/types\/post"}],"author":[{"embeddable":true,"href":"https:\/\/www.europesays.com\/se\/wp-json\/wp\/v2\/users\/2"}],"replies":[{"embeddable":true,"href":"https:\/\/www.europesays.com\/se\/wp-json\/wp\/v2\/comments?post=110088"}],"version-history":[{"count":0,"href":"https:\/\/www.europesays.com\/se\/wp-json\/wp\/v2\/posts\/110088\/revisions"}],"wp:featuredmedia":[{"embeddable":true,"href":"https:\/\/www.europesays.com\/se\/wp-json\/wp\/v2\/media\/110089"}],"wp:attachment":[{"href":"https:\/\/www.europesays.com\/se\/wp-json\/wp\/v2\/media?parent=110088"}],"wp:term":[{"taxonomy":"category","embeddable":true,"href":"https:\/\/www.europesays.com\/se\/wp-json\/wp\/v2\/categories?post=110088"},{"taxonomy":"post_tag","embeddable":true,"href":"https:\/\/www.europesays.com\/se\/wp-json\/wp\/v2\/tags?post=110088"}],"curies":[{"name":"wp","href":"https:\/\/api.w.org\/{rel}","templated":true}]}}