{"id":110095,"date":"2025-12-18T14:02:21","date_gmt":"2025-12-18T14:02:21","guid":{"rendered":"https:\/\/www.europesays.com\/se\/110095\/"},"modified":"2025-12-18T14:02:21","modified_gmt":"2025-12-18T14:02:21","slug":"lopning-ljuskonst-rinkeby-run","status":"publish","type":"post","link":"https:\/\/www.europesays.com\/se\/110095\/","title":{"rendered":"L\u00f6pning + ljuskonst = Rinkeby Run"},"content":{"rendered":"<p><strong>Om Astrid Lindgren hade skrivit om l\u00f6pning, d\u00e5 skulle det nog ha blivit som Nobel Week Lights Run fr\u00e5n Rinkeby torg till ljuskonstverken i Tensta. Alla var glada och ingen var nerv\u00f6s. Det h\u00e4r var n\u00e4mligen en l\u00f6pning, inte ett lopp.<\/strong><\/p>\n<p>Det erbj\u00f6ds tre fart-grupper:<\/p>\n<p>Lag L\u00e5ngsam, med M\u00e5rten Westberg (undertecknad) som farth\u00e5llare.<\/p>\n<p>Lag Lagom, med Noah \u00d6rtegren som farth\u00e5llare. De sprang en dryg minut fortare per kilometer.<\/p>\n<p>Lag Oooph! med ultral\u00f6paren Christian Ritella som farth\u00e5llare. Lag Ooph! sprang en minut fortare per kilometer \u00e4n Lag Lagom.<\/p>\n<p>Arton l\u00f6pare trotsade h\u00f6strusket som k\u00e4nnetecknar december 2025. En tredjedel var milj\u00f6partister, som p\u00e5 skoj hade utmanat de andra partierna inf\u00f6r loppet. Den utmaningen vann milj\u00f6partiet med 6-0.<\/p>\n<p>En ton\u00e5rskille satsade f\u00f6rst\u00e5s p\u00e5 Lag Oooph! och fick betala dyrt f\u00f6r det. Alla andra sprang i en fart d\u00e4r de kunde prata med varandra hela v\u00e4gen.<\/p>\n<p>V\u00e4l ute p\u00e5 gr\u00e4sf\u00e4ltet var det vackert att se ljuset fr\u00e5n allas pannlampor guppa i m\u00f6rkret.<\/p>\n<p>Annons:<a class=\"gofollow\" data-track=\"NDAxLDEsNjA=\" href=\"https:\/\/meetingspublic.stockholm.se\/committees\/jarva-stadsdelsnamnd\" rel=\"nofollow noopener\" target=\"_blank\"><img decoding=\"async\" src=\"https:\/\/www.europesays.com\/se\/wp-content\/uploads\/2025\/12\/SthlmStad-116181-251212-18-NyhetsbyranJarva.png\"\/><\/a><\/p>\n<blockquote>\n<p>I Tensta stannade alla l\u00f6parna vid de sex konstverken<\/p>\n<\/blockquote>\n<p>I Tensta stannade alla l\u00f6parna vid de sex konstverken. L\u00e4ngst stannade alla vid \u201cthe light we reflect\u201d som ocks\u00e5 var m\u00e5l f\u00f6r l\u00f6pningen. Konstn\u00e4ren, Saadia Hussain, f\u00f6rklarade verket: b\u00e5de hur hon t\u00e4nkte kring material och att involvera J\u00e4rvabor i processen. Just det verket handlar ocks\u00e5 om tre ekonomi-pristagares studier av hur l\u00e4nders olika historia (som till exempel kolonialism) p\u00e5verkar hur samh\u00e4llena fungerar idag.<\/p>\n<p>Efter det gick n\u00e4stan alla deltagare till Coffee Deli och \u00e5t n\u2019jera eller foul och drack Kerak (ungef\u00e4r Somali Chai) till. Det var d\u00e5 n\u00e5gon sa att st\u00e4mningen var lite som i Astrid Lindgrens \u201cSaltkr\u00e5kan\u201d.<\/p>\n<p>M\u00e5let med cc var att visa l\u00f6pare fr\u00e5n andra delar av stan hur trevligt det kan vara h\u00e4r. Det lyckades!<\/p>\n<p><strong>M\u00e5rten Westberg, Rinkeby Run<\/strong>\n<\/p>\n<p>                    <a href=\"#\" rel=\"nofollow\" onclick=\"window.print(); return false;\" title=\"Printer Friendly, PDF &amp; Email\"><br \/>\n                    <img decoding=\"async\" class=\"pf-button-img\" src=\"https:\/\/www.europesays.com\/se\/wp-content\/uploads\/2025\/08\/printfriendly-pdf-button-nobg-md.png\" alt=\"Print Friendly, PDF &amp; Email\" style=\"width: 124px;height: 30px;\"\/><br \/>\n                    <\/a><\/p>\n","protected":false},"excerpt":{"rendered":"Om Astrid Lindgren hade skrivit om l\u00f6pning, d\u00e5 skulle det nog ha blivit som Nobel Week Lights Run&hellip;\n","protected":false},"author":2,"featured_media":110096,"comment_status":"","ping_status":"","sticky":false,"template":"","format":"standard","meta":{"footnotes":""},"categories":[67],"tags":[104,1429,12176,12177,6741,12178,34,31,33,32,30,10994,1432,105],"class_list":{"0":"post-110095","1":"post","2":"type-post","3":"status-publish","4":"format-standard","5":"has-post-thumbnail","7":"category-underhallning","8":"tag-entertainment","9":"tag-jarva","10":"tag-ljuskonst","11":"tag-nobel-week-lights-run","12":"tag-rinkeby","13":"tag-rinkeby-run","14":"tag-se","15":"tag-svenska","16":"tag-sverige","17":"tag-sweden","18":"tag-swedish","19":"tag-tensta","20":"tag-topp","21":"tag-underhallning"},"share_on_mastodon":{"url":"https:\/\/pubeurope.com\/@se\/115740943799531519","error":""},"_links":{"self":[{"href":"https:\/\/www.europesays.com\/se\/wp-json\/wp\/v2\/posts\/110095","targetHints":{"allow":["GET"]}}],"collection":[{"href":"https:\/\/www.europesays.com\/se\/wp-json\/wp\/v2\/posts"}],"about":[{"href":"https:\/\/www.europesays.com\/se\/wp-json\/wp\/v2\/types\/post"}],"author":[{"embeddable":true,"href":"https:\/\/www.europesays.com\/se\/wp-json\/wp\/v2\/users\/2"}],"replies":[{"embeddable":true,"href":"https:\/\/www.europesays.com\/se\/wp-json\/wp\/v2\/comments?post=110095"}],"version-history":[{"count":0,"href":"https:\/\/www.europesays.com\/se\/wp-json\/wp\/v2\/posts\/110095\/revisions"}],"wp:featuredmedia":[{"embeddable":true,"href":"https:\/\/www.europesays.com\/se\/wp-json\/wp\/v2\/media\/110096"}],"wp:attachment":[{"href":"https:\/\/www.europesays.com\/se\/wp-json\/wp\/v2\/media?parent=110095"}],"wp:term":[{"taxonomy":"category","embeddable":true,"href":"https:\/\/www.europesays.com\/se\/wp-json\/wp\/v2\/categories?post=110095"},{"taxonomy":"post_tag","embeddable":true,"href":"https:\/\/www.europesays.com\/se\/wp-json\/wp\/v2\/tags?post=110095"}],"curies":[{"name":"wp","href":"https:\/\/api.w.org\/{rel}","templated":true}]}}