{"id":110099,"date":"2025-12-18T14:04:09","date_gmt":"2025-12-18T14:04:09","guid":{"rendered":"https:\/\/www.europesays.com\/se\/110099\/"},"modified":"2025-12-18T14:04:09","modified_gmt":"2025-12-18T14:04:09","slug":"airbaltic-lanserar-ny-direktlinje-mellan-goteborg-landvetter-airport-och-riga","status":"publish","type":"post","link":"https:\/\/www.europesays.com\/se\/110099\/","title":{"rendered":"AirBaltic lanserar ny direktlinje mellan G\u00f6teborg Landvetter Airport och Riga"},"content":{"rendered":"<p>2025-12-18, kl. 14:46<\/p>\n<p>Det lettiska flygbolaget airBaltic lanserar nu en ny direktlinje mellan G\u00f6teborg Landvetter Airport och Riga inf\u00f6r sommars\u00e4songen 2026. Linjen kommer att trafikeras tv\u00e5 g\u00e5nger i veckan och bidrar d\u00e4rmed till en \u00f6kad tillg\u00e4nglighet mellan v\u00e4stra Sverige och Baltikum. \u00a0<\/p>\n<p>        <img loading=\"lazy\" decoding=\"async\" src=\"https:\/\/www.europesays.com\/se\/wp-content\/uploads\/2025\/12\/riga-2.jpg\" alt=\"Utecaf\u00e9 i Riga\" class=\"img-responsive  \" height=\"400\" width=\"800\"\/><\/p>\n<p>airBaltic, som \u00e4r det st\u00f6rsta flygbolaget i Baltikum, v\u00e4ljer nu att ut\u00f6ka sin n\u00e4rvaro i Sverige genom att starta en ny direktlinje mellan Riga och G\u00f6teborg Landvetter. Ut\u00f6ver den nya linjen, trafikerar man redan den lettiska huvudstaden fr\u00e5n Stockholm. Riga \u00e4r en popul\u00e4r destination, b\u00e5de f\u00f6r de som vill uppt\u00e4cka Lettland, och om man vill bes\u00f6ka grannl\u00e4nderna Estland och Litauen.<\/p>\n<p>Med start den 13 april 2026 trafikerar airBaltic G\u00f6teborg Landvetter Airport (GOT) \u2013 Riga (RIX) tv\u00e5 g\u00e5ngar i veckan, p\u00e5 m\u00e5ndagar och torsdagar. F\u00f6r mer information, se\u00a0<a href=\"https:\/\/www.airbaltic.com\/en\/index\" target=\"_blank\" rel=\"nofollow noopener\">airBaltic<\/a>.<\/p>\n","protected":false},"excerpt":{"rendered":"2025-12-18, kl. 14:46 Det lettiska flygbolaget airBaltic lanserar nu en ny direktlinje mellan G\u00f6teborg Landvetter Airport och Riga&hellip;\n","protected":false},"author":2,"featured_media":110100,"comment_status":"","ping_status":"","sticky":false,"template":"","format":"standard","meta":{"footnotes":""},"categories":[65],"tags":[72,70,71,34,31,33,32,30],"class_list":{"0":"post-110099","1":"post","2":"type-post","3":"status-publish","4":"format-standard","5":"has-post-thumbnail","7":"category-ekonomi","8":"tag-business","9":"tag-economy","10":"tag-ekonomi","11":"tag-se","12":"tag-svenska","13":"tag-sverige","14":"tag-sweden","15":"tag-swedish"},"share_on_mastodon":{"url":"https:\/\/pubeurope.com\/@se\/115740951683290275","error":""},"_links":{"self":[{"href":"https:\/\/www.europesays.com\/se\/wp-json\/wp\/v2\/posts\/110099","targetHints":{"allow":["GET"]}}],"collection":[{"href":"https:\/\/www.europesays.com\/se\/wp-json\/wp\/v2\/posts"}],"about":[{"href":"https:\/\/www.europesays.com\/se\/wp-json\/wp\/v2\/types\/post"}],"author":[{"embeddable":true,"href":"https:\/\/www.europesays.com\/se\/wp-json\/wp\/v2\/users\/2"}],"replies":[{"embeddable":true,"href":"https:\/\/www.europesays.com\/se\/wp-json\/wp\/v2\/comments?post=110099"}],"version-history":[{"count":0,"href":"https:\/\/www.europesays.com\/se\/wp-json\/wp\/v2\/posts\/110099\/revisions"}],"wp:featuredmedia":[{"embeddable":true,"href":"https:\/\/www.europesays.com\/se\/wp-json\/wp\/v2\/media\/110100"}],"wp:attachment":[{"href":"https:\/\/www.europesays.com\/se\/wp-json\/wp\/v2\/media?parent=110099"}],"wp:term":[{"taxonomy":"category","embeddable":true,"href":"https:\/\/www.europesays.com\/se\/wp-json\/wp\/v2\/categories?post=110099"},{"taxonomy":"post_tag","embeddable":true,"href":"https:\/\/www.europesays.com\/se\/wp-json\/wp\/v2\/tags?post=110099"}],"curies":[{"name":"wp","href":"https:\/\/api.w.org\/{rel}","templated":true}]}}