{"id":110120,"date":"2025-12-18T14:16:17","date_gmt":"2025-12-18T14:16:17","guid":{"rendered":"https:\/\/www.europesays.com\/se\/110120\/"},"modified":"2025-12-18T14:16:17","modified_gmt":"2025-12-18T14:16:17","slug":"har-ar-favoriten-ni-vann-fagelmatare","status":"publish","type":"post","link":"https:\/\/www.europesays.com\/se\/110120\/","title":{"rendered":"H\u00e4r \u00e4r favoriten \u2013 ni vann f\u00e5gelmatare"},"content":{"rendered":"<p>\n\t\t\t\t\t\t\t\t\t\t\t\t\t\t\t\t\tT\u00c4VLING <\/p>\n<p class=\"ingress\">\n\t\t\t\t\t\t\t\tDomherren \u00e4r l\u00e4sarnas absoluta favoritf\u00e5gel s\u00e5 h\u00e4r \u00e5rs. Det st\u00e5r nu klart efter t\u00e4vlingen. H\u00e4r \u00e4r de tre vinnarna i PROpension\u00e4rens utlottning av f\u00e5gelmatare. \t\t\t\t\t\t\t<\/p>\n<p>PROpension\u00e4ren <a href=\"https:\/\/propensionaren.se\/tavla-och-vinn-en-fagelmatare\/\" rel=\"nofollow noopener\" target=\"_blank\">efterlyste i november l\u00e4sarnas favoritf\u00e5gel<\/a>. Bidragen har sedan dess str\u00f6mmat in och svaren pr\u00e4glas av \u00e5rstiden. \u00c4ven bilder och ber\u00e4ttelser har bifogats, varav vi publicerar ett litet urval nederst i denna artikel. Tack till alla som deltagit.<\/p>\n<p>N\u00e4r vi under v\u00e5ren st\u00e4llde samma fr\u00e5ga om l\u00e4sarnas favoritf\u00e5gel, <a href=\"https:\/\/propensionaren.se\/har-ar-lasarnas-favoriter-bland-faglarna\/\" target=\"_blank\" rel=\"noopener nofollow\">i mars och april 2024<\/a>, var det den sk\u00f6nsjungande koltrasten som toppade listan.<\/p>\n<p>Men denna g\u00e5ng ligger allts\u00e5 domherren i topp, med \u00f6verl\u00e4gset flest r\u00f6ster. Den f\u00e4rgstarka finken, s\u00e4rskilt d\u00e5 hanen med sin r\u00f6da f\u00e4rg p\u00e5 br\u00f6stet och huvudets sidor, \u00e4r en uppskattad bes\u00f6kare vid m\u00e5nga f\u00e5gelmatningar.<\/p>\n<p>En av vinnarna, Kristina Nilsson, skriver f\u00f6ljande vackra ord om domherren:<\/p>\n<p>\u201dDin br\u00f6stkorg gl\u00f6der som en eld i frost<br \/>en levande juvel p\u00e5 en gr\u00e5nad gren.<br \/>Du b\u00e4r decemberljus i varje spr\u00e5ng<br \/>och en hemlig s\u00e5ng i skogens m\u00f6rka sken.\u201d<\/p>\n<p><a href=\"https:\/\/propensionaren.se\/wp-content\/uploads\/2025\/11\/kombimatarefrorod500.jpg\" rel=\"nofollow noopener\" target=\"_blank\"><img loading=\"lazy\" data-lazyloaded=\"1\" decoding=\"async\" class=\"size-thumbnail wp-image-16189\" src=\"https:\/\/www.europesays.com\/se\/wp-content\/uploads\/2025\/12\/kombimatarefrorod500-150x150.jpg\" alt=\"\" width=\"150\" height=\"150\"  data-\/><\/a>Vinsten \u00e4r en r\u00f6d s\u00e5 kallad kombimatare. \u00c4r varan sluts\u00e5ld v\u00e4ljs likv\u00e4rdig ut. Foto: Naturbutiken <\/p>\n<p><strong>H\u00e4r \u00e4r de tre vinnarna:<br \/>Bodil Askfelt<\/strong>, V\u00e4stra Fr\u00f6lunda<br \/><strong>Kristina Nilsson<\/strong>, Sj\u00e4levad<br \/><strong>Lennart Nilsson<\/strong>, G\u00e4llivare<\/p>\n<p>F\u00e5gelmataren kommer fr\u00e5n Naturbutiken och har ett v\u00e4rde av cirka 325 kr. PROpension\u00e4ren kontaktar vinnarna via e-post.<\/p>\n<p>OBS: PROpension\u00e4ren reserverar sig mot eventuellt sluts\u00e5ld vara. Om s\u00e5 skulle vara fallet v\u00e4ljs en annan f\u00e5gelmatare till likv\u00e4rdigt cirkapris ut av redaktionen.<\/p>\n<p>L\u00e4sarnas favoritf\u00e5glar \u2013 tio-i-topp 2025<\/p>\n<ol>\n<li>Domherre<\/li>\n<li>Bl\u00e5mes<\/li>\n<li>Steglits<\/li>\n<li>Talgoxe<\/li>\n<li>R\u00f6dhake<\/li>\n<li>Stj\u00e4rtmes<\/li>\n<li>Koltrast<\/li>\n<li>N\u00f6tv\u00e4cka<\/li>\n<li>Skata<\/li>\n<li>Sidensvans och Stenkn\u00e4ck<\/li>\n<\/ol>\n<p>(T\u00e4vlingen p\u00e5gick mellan 19 november och 17 december 2025)<\/p>\n<p><a href=\"https:\/\/www.europesays.com\/se\/wp-content\/uploads\/2025\/12\/propensionarenfasanhackspett980.jpg\"><img data-lazyloaded=\"1\" fetchpriority=\"high\" decoding=\"async\" class=\"size-full wp-image-16729\" src=\"https:\/\/www.europesays.com\/se\/wp-content\/uploads\/2025\/12\/propensionarenfasanhackspett980.jpg\" alt=\"\" width=\"980\" height=\"725\"  data-\/><\/a>\u201dH\u00e4r har jag lyckats f\u00e5nga en av v\u00e5ra f\u00f6rsiktiga fasanhonor som lyckats f\u00e5 en liten telning att \u00f6verleva. Den s\u00e5g vi v\u00e4xa sig stor. Fasantupparna \u00e4r karskare och kommer oftare \u00e4n honorna. S\u00e5 vackra f\u00e5glar tycker jag. Skickar ocks\u00e5 med Hacke, v\u00e5r hackspett, som underh\u00e5ller oss varje dag. Han skriker sitt tjuiit, tjuiit f\u00f6r att uppm\u00e4rksamma oss p\u00e5 att fylla p\u00e5 i f\u00e5gelmataren.\u201d Det skriver Kristina G\u00e4rdebo Johansson i Uppsala.<br \/>\n<a href=\"https:\/\/www.europesays.com\/se\/wp-content\/uploads\/2025\/12\/propensionarenlavskrika.jpg\"><img loading=\"lazy\" data-lazyloaded=\"1\" decoding=\"async\" class=\"size-full wp-image-16731\" src=\"https:\/\/www.europesays.com\/se\/wp-content\/uploads\/2025\/12\/propensionarenlavskrika.jpg\" alt=\"\" width=\"576\" height=\"918\"  data-\/><\/a>\u201dLavskrikan, \u00e4ven kallad \u2019fl\u00e4skolle\u2019 h\u00e4r uppe i norra Sverige, det \u00e4r min absoluta favorit bland f\u00e5glarna. N\u00e4r man g\u00f6r upp en eld i n\u00e4rheten av \u2019gammelskog\u2019 s\u00e5 tar det oftast inte l\u00e5ng stund innan den infinner sig och vill ha en matbit\u201d, ber\u00e4ttar Lennart Nilsson i G\u00e4llivare.<br \/>\n<a href=\"https:\/\/www.europesays.com\/se\/wp-content\/uploads\/2025\/12\/propensionarensundsvallfaglar.jpg\"><img loading=\"lazy\" data-lazyloaded=\"1\" decoding=\"async\" class=\"size-full wp-image-16734\" src=\"https:\/\/www.europesays.com\/se\/wp-content\/uploads\/2025\/12\/propensionarensundsvallfaglar.jpg\" alt=\"\" width=\"980\" height=\"702\"  data-\/><\/a>Jane Holmgren i Sundsvall skriver: \u201dJag blir s\u00e5 glad n\u00e4r domherrarna kommer fram. F\u00f6rst kommer talgoxe, bl\u00e5mes, entitan, pilfink (ny g\u00e4st sedan f\u00f6rra \u00e5ret) . H\u00f6rt domherrens sorgsna vissling men inte sett dem f\u00f6rr\u00e4n nu n\u00e4r k\u00f6ldkn\u00e4ppen kom. Jag \u00e4r tacksam att bo i hus och kunna mata dem (men fy vad de h\u00f6jt priset p\u00e5 f\u00e5gelmat). Min man kallar dem mina sm\u00e5 v\u00e4nner och har ocks\u00e5 b\u00f6rjat tycka om att st\u00e5 och studera dem.\u201d <\/p>\n<p>\u00a0<\/p>\n<p><a href=\"https:\/\/propensionaren.se\/wp-content\/uploads\/2025\/12\/thumbnail20251120151451.jpg\" rel=\"nofollow noopener\" target=\"_blank\"><img loading=\"lazy\" data-lazyloaded=\"1\" decoding=\"async\" class=\"size-large wp-image-16727\" src=\"https:\/\/www.europesays.com\/se\/wp-content\/uploads\/2025\/12\/thumbnail20251120151451-768x1024.jpg\" alt=\"\" width=\"768\" height=\"1024\"  data-\/><\/a>\u201dVi, min man och jag, \u00e4r mycket intresserade av f\u00e5glar. Nu har vi det j\u00e4tteh\u00e4rligt med ett av v\u00e5ra barnbarn. Vi sitter och tittar och r\u00e4knar hur m\u00e5nga f\u00e5glar vi ser och vilken art\u201d, skriver Susanne Augustsson i Motala.<\/p>\n<dd> <\/dd>\n<p><a href=\"https:\/\/www.europesays.com\/se\/wp-content\/uploads\/2025\/12\/propensionarensvarthake.jpg\"><img loading=\"lazy\" data-lazyloaded=\"1\" decoding=\"async\" class=\"size-full wp-image-16737\" src=\"https:\/\/www.europesays.com\/se\/wp-content\/uploads\/2025\/12\/propensionarensvarthake.jpg\" alt=\"\" width=\"590\" height=\"443\"  data-\/><\/a>Gunhild Eriksson Nyberg, i Ume\u00e5, skriver: \u201dEn av mina favoritf\u00e5glar \u00e4r den vackra f\u00e4rggranna svarthakedoppingen. Den f\u00f6ljer jag varje sommar i Sl\u00e5ttertj\u00e4rn d\u00e4r den h\u00e4ckar och \u00e5terkommer till varje v\u00e5r, eftersom d\u00e4r inte finns n\u00e5gra rovfiskar och den bygger sitt bo p\u00e5 vattnet. Jag brukar f\u00f6lja den ofta och har haft turen att se den bygga sitt flytande bo i vassen ofta i n\u00e4rheten av badstranden. Det \u00e4r en upplevelse att se n\u00e4r honan tar ut sina ungar p\u00e5 \u00f6ppet vatten f\u00f6rsta g\u00e5ngen, dom ligger g\u00f6mda under vingarna och p\u00e5 honans rygg ofta ses bara huvudet sticka fram. Hanen h\u00e4mtar f\u00f6da fr\u00e5n vattnet och simmar fram och matar ungarna. N\u00e4r det \u00e4r dags f\u00f6r simtr\u00e4ning skakar honan av sig ungarna och simmar iv\u00e4g en bit, ungarna f\u00f6ljer d\u00e5 efter och n\u00e4r honan tycker det \u00e4r tillr\u00e4ckligt tr\u00e4nat \u00f6ppnar hon upp l\u00e4ngst bak och ungarna kl\u00e4ttrar upp p\u00e5 hennes rygg igen, f\u00f6r att \u00e5ka tillbaka till boet i den skyddande vassen.\u201d <\/p>\n","protected":false},"excerpt":{"rendered":"T\u00c4VLING Domherren \u00e4r l\u00e4sarnas absoluta favoritf\u00e5gel s\u00e5 h\u00e4r \u00e5rs. Det st\u00e5r nu klart efter t\u00e4vlingen. H\u00e4r \u00e4r de&hellip;\n","protected":false},"author":2,"featured_media":110121,"comment_status":"","ping_status":"","sticky":false,"template":"","format":"standard","meta":{"footnotes":""},"categories":[69],"tags":[12179,12180,113,112,2736,34,31,33,32,30],"class_list":{"0":"post-110120","1":"post","2":"type-post","3":"status-publish","4":"format-standard","5":"has-post-thumbnail","7":"category-halsa","8":"tag-fagelmatning","9":"tag-faglar","10":"tag-halsa","11":"tag-health","12":"tag-natur","13":"tag-se","14":"tag-svenska","15":"tag-sverige","16":"tag-sweden","17":"tag-swedish"},"share_on_mastodon":{"url":"https:\/\/pubeurope.com\/@se\/115740998863419447","error":""},"_links":{"self":[{"href":"https:\/\/www.europesays.com\/se\/wp-json\/wp\/v2\/posts\/110120","targetHints":{"allow":["GET"]}}],"collection":[{"href":"https:\/\/www.europesays.com\/se\/wp-json\/wp\/v2\/posts"}],"about":[{"href":"https:\/\/www.europesays.com\/se\/wp-json\/wp\/v2\/types\/post"}],"author":[{"embeddable":true,"href":"https:\/\/www.europesays.com\/se\/wp-json\/wp\/v2\/users\/2"}],"replies":[{"embeddable":true,"href":"https:\/\/www.europesays.com\/se\/wp-json\/wp\/v2\/comments?post=110120"}],"version-history":[{"count":0,"href":"https:\/\/www.europesays.com\/se\/wp-json\/wp\/v2\/posts\/110120\/revisions"}],"wp:featuredmedia":[{"embeddable":true,"href":"https:\/\/www.europesays.com\/se\/wp-json\/wp\/v2\/media\/110121"}],"wp:attachment":[{"href":"https:\/\/www.europesays.com\/se\/wp-json\/wp\/v2\/media?parent=110120"}],"wp:term":[{"taxonomy":"category","embeddable":true,"href":"https:\/\/www.europesays.com\/se\/wp-json\/wp\/v2\/categories?post=110120"},{"taxonomy":"post_tag","embeddable":true,"href":"https:\/\/www.europesays.com\/se\/wp-json\/wp\/v2\/tags?post=110120"}],"curies":[{"name":"wp","href":"https:\/\/api.w.org\/{rel}","templated":true}]}}