{"id":110130,"date":"2025-12-18T14:22:24","date_gmt":"2025-12-18T14:22:24","guid":{"rendered":"https:\/\/www.europesays.com\/se\/110130\/"},"modified":"2025-12-18T14:22:24","modified_gmt":"2025-12-18T14:22:24","slug":"elva-barn-holls-isolerade-i-manader-i-dalsland","status":"publish","type":"post","link":"https:\/\/www.europesays.com\/se\/110130\/","title":{"rendered":"Elva barn h\u00f6lls isolerade i m\u00e5nader i Dalsland"},"content":{"rendered":"<p>Publicerad 18 dec 2025 kl 11.46Uppdaterad kl 13.57<\/p>\n<p>Elva barn fr\u00e5n en romsk storfamilj h\u00f6lls isolerade fr\u00e5n omv\u00e4rlden i m\u00e5nader.<\/p>\n<p>De fick inte g\u00e5 till skolan eller till tandl\u00e4karen \u2013 och sp\u00e5rades med airtags f\u00f6r att slippa undan LVU.<\/p>\n<p>Pappan och hans \u00e4lskarinna d\u00f6mdes i tingsr\u00e4tten \u2013 nu d\u00f6ms \u00e4ven mamman i hovr\u00e4tten.\u00a0<\/p>\n<p>Senaste nyhetsklippen fr\u00e5n Expressen.<img   alt=\"\"\/><\/p>\n<p>Misstanken \u00e4r att f\u00f6r\u00e4ldrarna sytt in sp\u00e5rs\u00e4ndare, s\u00e5 kallade airtags, i barnens kl\u00e4der.<\/p>\n<p>\u00d6ppna bild i helsk\u00e4rm<\/p>\n<p>Det var mitt i natten i april f\u00f6rra \u00e5ret n\u00e4r de tre frusna ton\u00e5rsflickorna, tv\u00e5 systrar och en styvsyster, knackade p\u00e5 d\u00f6rren till ett hus p\u00e5 en ort i <a href=\"https:\/\/www.expressen.se\/tagg\/location\/dalsland\/\" class=\"\" rel=\"nofollow noopener\" target=\"_blank\">Dalsland<\/a>. De sa att de flytt genom skogen och att de var r\u00e4dda att deras f\u00f6r\u00e4ldrar skulle hitta dem.<\/p>\n<p>N\u00e4r polisen kom till platsen uppgav flickorna att de h\u00e5llits insp\u00e4rrade i ett <a href=\"https:\/\/www.expressen.se\/nyheter\/sverige\/elva-barn-holls-gomda-hade-sparsandare-i-kladerna\/\" rel=\"nofollow noopener\" target=\"_blank\">hus i flera m\u00e5nader av sina f\u00f6r\u00e4ldrar<\/a> \u2013 och att de hade rymt f\u00f6r att slippa bli slagna och bortgifta.<\/p>\n<p>Inte g\u00e5tt i skolan<\/p>\n<p>Det visade sig att flickorna sedan tidigare var anm\u00e4lda f\u00f6rsvunna, efter att ha rymt fr\u00e5n boenden som socialtj\u00e4nsten placerat dem p\u00e5.<\/p>\n<p>\u2013 Jag blev slagen, jag sprang ut i skogen med mina tv\u00e5 syskon, vi sprang hela v\u00e4gen tills vi hittade n\u00e5got, n\u00e5gon, n\u00e5got hus att knacka p\u00e5 och fr\u00e5ga om hj\u00e4lp, s\u00e5 h\u00e4r att ringa polisen, sa en av ton\u00e5rsflickorna senare i polisf\u00f6rh\u00f6r.<\/p>\n<p>Fallet med de tre flickorna v\u00e4xte snabbt och skulle till slut omfatta <a href=\"https:\/\/www.expressen.se\/nyheter\/sverige\/elva-barn-holls-gomda-hade-sparsandare-i-kladerna\/\" rel=\"nofollow noopener\" target=\"_blank\">totalt elva barn som levt i det dolda<\/a> \u2013 och som h\u00e5llits undan fr\u00e5n skola, v\u00e5rd och andra kontakter med samh\u00e4llet.\u00a0<\/p>\n<p>Brottsperioden var mellan h\u00f6sten 2023 till oktober 2024.<\/p>\n<p>\u2013 Jag har inte sett n\u00e5got liknande innan, att man kunnat undanh\u00e5lla barn fr\u00e5n myndigheter under s\u00e5 l\u00e5ng tid, sa \u00e5klagaren <a href=\"https:\/\/www.expressen.se\/nyheter\/sverige\/tre-atalas-for-att-ha-hallit-elva-barn-isolerade\/\" rel=\"nofollow noopener\" target=\"_blank\">Oscar Johansson i samband med \u00e5talet.<\/a><\/p>\n<p><img loading=\"lazy\"   alt=\"\"\/><\/p>\n<p>Polisen hittade \u00e4ven airtags n\u00e4r de g\u00f6r en husrannsakan i familjens husvagn.<\/p>\n<p>\u00d6ppna bild i helsk\u00e4rm<img loading=\"lazy\"   alt=\"\"\/><\/p>\n<p>F\u00f6r\u00e4ldrarna placerade airtags i barnens grejer.<\/p>\n<p>Foto: Polisen \/ Polisens f\u00f6runders\u00f6kning<\/p>\n<p>\u00d6ppna bild i helsk\u00e4rm<\/p>\n<p>I januari i \u00e5r d\u00f6mde G\u00f6teborgs tingsr\u00e4tt den d\u00e5 39-\u00e5riga pappan till tre \u00e5rs f\u00e4ngelse f\u00f6r flera brott, bland annat grov egenm\u00e4ktighet med barn, barnfridsbrott, misshandel och bedr\u00e4geri.<\/p>\n<p>Den d\u00e5 37-\u00e5riga kvinnan som under brottstiden var pappans \u00e4lskarinna \u2013 och \u00e4r mamma till det elfte barnet \u2013 d\u00f6mdes till skyddstillsyn f\u00f6r egenm\u00e4ktighet med barn.<\/p>\n<p>Den i dag 36-\u00e5riga mamman till de \u00f6vriga barnen frik\u00e4ndes fr\u00e5n alla misstankar av en oenig tingsr\u00e4tt. De lyfte bland annat fram att mammans insyn i barnens \u00e4renden hade f\u00f6rsv\u00e5rats eftersom hon \u00e4r analfabet.<\/p>\n<p>Nu \u00e4ndrar hovr\u00e4tten V\u00e4stra Sverige delar av tingsr\u00e4ttens dom \u2013\u00a0och d\u00f6mer \u00e4ven mamman f\u00f6r grovt egenm\u00e4ktighet med barn. Enligt domen har hon medverkat till att undanh\u00e5lla tio barn fr\u00e5n myndigheter i kommunerna Karlstad, Alvesta och V\u00e4xj\u00f6.<\/p>\n<p>I domen st\u00e5r det bland annat att mamman hade betydligt st\u00f6rre insikt i p\u00e5g\u00e5ende LVU-processer och hade b\u00e4ttre kunskaper i det svenska spr\u00e5ket \u00e4n hon gett sken av. Det finns ocks\u00e5 bevis f\u00f6r att mamman tagit emot information om barnen direkt fr\u00e5n Socialtj\u00e4nsten.\u00a0<\/p>\n<p>P\u00e5f\u00f6ljden blir tre m\u00e5naders f\u00e4ngelse samt till skyddstillsyn.<\/p>\n<p><strong>L\u00c4S MER: <\/strong><a href=\"https:\/\/www.expressen.se\/nyheter\/krim\/foraldrar-och-alskarinna-ska-ha-isolerat-elva-barn-\/\" class=\"\" rel=\"nofollow noopener\" target=\"_blank\">Pappa isolerade 11 barn \u2013 d\u00f6ms till f\u00e4ngelse<\/a><strong>L\u00c4S MER: <\/strong><a href=\"https:\/\/www.expressen.se\/nyheter\/sverige\/elva-barn-holls-gomda-hade-sparsandare-i-kladerna\/\" class=\"\" rel=\"nofollow noopener\" target=\"_blank\">Elva barn h\u00f6lls g\u00f6mda \u2013 hade sp\u00e5rs\u00e4ndare i kl\u00e4derna<\/a><\/p>\n","protected":false},"excerpt":{"rendered":"Publicerad 18 dec 2025 kl 11.46Uppdaterad kl 13.57 Elva barn fr\u00e5n en romsk storfamilj h\u00f6lls isolerade fr\u00e5n omv\u00e4rlden&hellip;\n","protected":false},"author":2,"featured_media":110131,"comment_status":"","ping_status":"","sticky":false,"template":"","format":"standard","meta":{"footnotes":""},"categories":[12],"tags":[22,23,26,27,17,21,24,25,3574,28,29,15,16,18,34,666,31,33,32,30,19,136,20],"class_list":{"0":"post-110130","1":"post","2":"type-post","3":"status-publish","4":"format-standard","5":"has-post-thumbnail","7":"category-sverige","8":"tag-breaking-news","9":"tag-breakingnews","10":"tag-featured-news","11":"tag-featurednews","12":"tag-headlines","13":"tag-huvudnyheter","14":"tag-latest-news","15":"tag-latestnews","16":"tag-location-dalsland","17":"tag-main-news","18":"tag-mainnews","19":"tag-news","20":"tag-nyheter","21":"tag-rubriker","22":"tag-se","23":"tag-sections-krim","24":"tag-svenska","25":"tag-sverige","26":"tag-sweden","27":"tag-swedish","28":"tag-top-stories","29":"tag-topic-rattegangar-domar","30":"tag-topstories"},"share_on_mastodon":{"url":"https:\/\/pubeurope.com\/@se\/115741022234058466","error":""},"_links":{"self":[{"href":"https:\/\/www.europesays.com\/se\/wp-json\/wp\/v2\/posts\/110130","targetHints":{"allow":["GET"]}}],"collection":[{"href":"https:\/\/www.europesays.com\/se\/wp-json\/wp\/v2\/posts"}],"about":[{"href":"https:\/\/www.europesays.com\/se\/wp-json\/wp\/v2\/types\/post"}],"author":[{"embeddable":true,"href":"https:\/\/www.europesays.com\/se\/wp-json\/wp\/v2\/users\/2"}],"replies":[{"embeddable":true,"href":"https:\/\/www.europesays.com\/se\/wp-json\/wp\/v2\/comments?post=110130"}],"version-history":[{"count":0,"href":"https:\/\/www.europesays.com\/se\/wp-json\/wp\/v2\/posts\/110130\/revisions"}],"wp:featuredmedia":[{"embeddable":true,"href":"https:\/\/www.europesays.com\/se\/wp-json\/wp\/v2\/media\/110131"}],"wp:attachment":[{"href":"https:\/\/www.europesays.com\/se\/wp-json\/wp\/v2\/media?parent=110130"}],"wp:term":[{"taxonomy":"category","embeddable":true,"href":"https:\/\/www.europesays.com\/se\/wp-json\/wp\/v2\/categories?post=110130"},{"taxonomy":"post_tag","embeddable":true,"href":"https:\/\/www.europesays.com\/se\/wp-json\/wp\/v2\/tags?post=110130"}],"curies":[{"name":"wp","href":"https:\/\/api.w.org\/{rel}","templated":true}]}}