{"id":110135,"date":"2025-12-18T14:28:14","date_gmt":"2025-12-18T14:28:14","guid":{"rendered":"https:\/\/www.europesays.com\/se\/110135\/"},"modified":"2025-12-18T14:28:14","modified_gmt":"2025-12-18T14:28:14","slug":"centralt-bostadskvarter-rustas-for-120-miljoner-ostersunds-posten","status":"publish","type":"post","link":"https:\/\/www.europesays.com\/se\/110135\/","title":{"rendered":"Centralt bostadskvarter rustas f\u00f6r 120 miljoner &#8211; \u00d6stersunds-Posten"},"content":{"rendered":"<ol>\n<li><a href=\"https:\/\/news.google.com\/rss\/articles\/CBMiiAFBVV95cUxNaF82WnRyWUpoc1A3b1RZdkFmeDFpTUsxSFp4WjEtaDNJNlZHQUFoWXRyMGpIMmZWaEUzOVd2ZmFkUEkxZ05yVzRmZ3Fnd28xMzFVQk84R205ek1GZW5QZnpVRnVUVGY1V0FhbDhuZzNuTmJ3OXU2cDRaRXI4TmtHQUVwR2FOR2cy?oc=5\" target=\"_blank\" rel=\"nofollow noopener\">Centralt bostadskvarter rustas f\u00f6r 120 miljoner<\/a>&nbsp;&nbsp;\u00d6stersunds-Posten<\/li>\n<li><a href=\"https:\/\/news.google.com\/rss\/articles\/CBMisAFBVV95cUxQOTdKUHVrMG15dm1PdDFpTm0taVZqU1hXTFJqd1BYX01VZ19pUW1faldjc0RNMEt3UXBtRTQ5bEpoSDRmN0ttR3k5MUJheHU0T2xvSHl6VXF0cWtkYVZXY2JOWGluUG91V0dnbDZXeTJNdHV6THkxV3RMXzB0LTQ5Tjk2cm1JTVFUa2EyMzhiM2VWMFpfb3JvSmtsRzBtS081bnlkWC15VmVVVHQzX3p0Uw?oc=5\" target=\"_blank\" rel=\"nofollow noopener\">Landar ROT-kontrakt f\u00f6r allm\u00e4nnyttan i \u00d6stersund<\/a>&nbsp;&nbsp;Byggindustrin<\/li>\n<li><a href=\"https:\/\/news.google.com\/rss\/articles\/CBMiqgFBVV95cUxQRFQ3R1RwbU1FTldIY3A2dGtNbFZ4b0c4ck9IOFdJZVF1S0FzZHhGOFM1RFdma0lPMWoxUHNFX2N4allnWm93U2p0bVAwRHI3MnlqTXU0eWhzOXE5cko3RlNjeC0zUTFuTVR0eTZWZFBzX0V0dDZZNXZxV21YNHgtZ05FZ0FDV3VBcFNVQzlRVVpvTnFrMXhvVXVnSWhFS2d6ZWkwZnNQNHF1QQ?oc=5\" target=\"_blank\" rel=\"nofollow noopener\">NCC moderniserar centralt kvarter i \u00d6stersund<\/a>&nbsp;&nbsp;ncc.se<\/li>\n<li><a href=\"https:\/\/news.google.com\/rss\/articles\/CBMimgFBVV95cUxNb1FBNVYzZHZTaFc0OEFnQ2ZSbHpXeVJpcTJDTExJdzFHZklUYUVGZUkteUY3Skl6MTVHVUVOTGNGNmphQWFEUGpVTjlHd2ZndGw3R3BvX1FuTVRpWV9fZ2xKLW0xX2FJLVU0Z0N6MVByRGp6M29kWFM1enpQb0xlcGNwSUx3dW9nZHRFRGcyWXlQY1ZPVDhQbG9n?oc=5\" target=\"_blank\" rel=\"nofollow noopener\">NCC moderniserar kvarter i centrala \u00d6stersund<\/a>&nbsp;&nbsp;Entreprenad<\/li>\n<li><a href=\"https:\/\/news.google.com\/rss\/articles\/CBMijgFBVV95cUxOTkMyUDVESHVTeWhQeFdkcTZ3cWZKR2Exb0JvbmdWNkdrQnhGcUtjcC12ZUsyUXkyUXdiR3ZRNVNmcnRiSnBLZDFrRm1FUDY4dkpYVkxHc0d1aWRDdmpoeFljU3U4VVl4M2ZvTlpuX0xqTDdad2huWTY4SzdHYkQyNjA2OFhJRVhUZ2d1WVN3?oc=5\" target=\"_blank\" rel=\"nofollow noopener\">NCC f\u00e5r renoveringsuppdrag av \u00d6stersundshem<\/a>&nbsp;&nbsp;Fastighetssverige<\/li>\n<\/ol>\n","protected":false},"excerpt":{"rendered":"Centralt bostadskvarter rustas f\u00f6r 120 miljoner&nbsp;&nbsp;\u00d6stersunds-Posten Landar ROT-kontrakt f\u00f6r allm\u00e4nnyttan i \u00d6stersund&nbsp;&nbsp;Byggindustrin NCC moderniserar centralt kvarter i \u00d6stersund&nbsp;&nbsp;ncc.se&hellip;\n","protected":false},"author":2,"featured_media":110136,"comment_status":"","ping_status":"","sticky":false,"template":"","format":"standard","meta":{"footnotes":""},"categories":[65],"tags":[72,70,71,34,31,33,32,30],"class_list":{"0":"post-110135","1":"post","2":"type-post","3":"status-publish","4":"format-standard","5":"has-post-thumbnail","7":"category-ekonomi","8":"tag-business","9":"tag-economy","10":"tag-ekonomi","11":"tag-se","12":"tag-svenska","13":"tag-sverige","14":"tag-sweden","15":"tag-swedish"},"share_on_mastodon":{"url":"https:\/\/pubeurope.com\/@se\/115741045849517125","error":""},"_links":{"self":[{"href":"https:\/\/www.europesays.com\/se\/wp-json\/wp\/v2\/posts\/110135","targetHints":{"allow":["GET"]}}],"collection":[{"href":"https:\/\/www.europesays.com\/se\/wp-json\/wp\/v2\/posts"}],"about":[{"href":"https:\/\/www.europesays.com\/se\/wp-json\/wp\/v2\/types\/post"}],"author":[{"embeddable":true,"href":"https:\/\/www.europesays.com\/se\/wp-json\/wp\/v2\/users\/2"}],"replies":[{"embeddable":true,"href":"https:\/\/www.europesays.com\/se\/wp-json\/wp\/v2\/comments?post=110135"}],"version-history":[{"count":0,"href":"https:\/\/www.europesays.com\/se\/wp-json\/wp\/v2\/posts\/110135\/revisions"}],"wp:featuredmedia":[{"embeddable":true,"href":"https:\/\/www.europesays.com\/se\/wp-json\/wp\/v2\/media\/110136"}],"wp:attachment":[{"href":"https:\/\/www.europesays.com\/se\/wp-json\/wp\/v2\/media?parent=110135"}],"wp:term":[{"taxonomy":"category","embeddable":true,"href":"https:\/\/www.europesays.com\/se\/wp-json\/wp\/v2\/categories?post=110135"},{"taxonomy":"post_tag","embeddable":true,"href":"https:\/\/www.europesays.com\/se\/wp-json\/wp\/v2\/tags?post=110135"}],"curies":[{"name":"wp","href":"https:\/\/api.w.org\/{rel}","templated":true}]}}