{"id":110137,"date":"2025-12-18T14:29:16","date_gmt":"2025-12-18T14:29:16","guid":{"rendered":"https:\/\/www.europesays.com\/se\/110137\/"},"modified":"2025-12-18T14:29:16","modified_gmt":"2025-12-18T14:29:16","slug":"efter-hackerattack-svenska-kraftnats-data-lackt-2","status":"publish","type":"post","link":"https:\/\/www.europesays.com\/se\/110137\/","title":{"rendered":"Efter hackerattack \u2013 Svenska kraftn\u00e4ts data l\u00e4ckt"},"content":{"rendered":"<p>I slutet av oktober utsattes Svenska kraftn\u00e4t f\u00f6r ett dataintr\u00e5ng, och \u00f6ver 280 gigabyte data inneh\u00e5llande personuppgifter och k\u00e4nslig data om elsystemet stals. Under onsdagen meddelade hackergruppen att informationen lagts ut p\u00e5 darknet.\u2013\u2009Det fanns en l\u00e4nk att plocka hem men den har inte fungerat, s\u00e5 vi kan inte svara p\u00e5 om det \u00e4r l\u00e4ckt, men vi utg\u00e5r fr\u00e5n det, s\u00e4ger <\/p>\n","protected":false},"excerpt":{"rendered":"I slutet av oktober utsattes Svenska kraftn\u00e4t f\u00f6r ett dataintr\u00e5ng, och \u00f6ver 280 gigabyte data inneh\u00e5llande personuppgifter och&hellip;\n","protected":false},"author":2,"featured_media":110138,"comment_status":"","ping_status":"","sticky":false,"template":"","format":"standard","meta":{"footnotes":""},"categories":[14],"tags":[22,23,26,27,17,21,24,25,28,29,15,16,18,34,31,33,32,30,19,20,51,52,53,54],"class_list":{"0":"post-110137","1":"post","2":"type-post","3":"status-publish","4":"format-standard","5":"has-post-thumbnail","7":"category-varlden","8":"tag-breaking-news","9":"tag-breakingnews","10":"tag-featured-news","11":"tag-featurednews","12":"tag-headlines","13":"tag-huvudnyheter","14":"tag-latest-news","15":"tag-latestnews","16":"tag-main-news","17":"tag-mainnews","18":"tag-news","19":"tag-nyheter","20":"tag-rubriker","21":"tag-se","22":"tag-svenska","23":"tag-sverige","24":"tag-sweden","25":"tag-swedish","26":"tag-top-stories","27":"tag-topstories","28":"tag-varlden","29":"tag-world","30":"tag-world-news","31":"tag-worldnews"},"share_on_mastodon":{"url":"https:\/\/pubeurope.com\/@se\/115741049805747349","error":""},"_links":{"self":[{"href":"https:\/\/www.europesays.com\/se\/wp-json\/wp\/v2\/posts\/110137","targetHints":{"allow":["GET"]}}],"collection":[{"href":"https:\/\/www.europesays.com\/se\/wp-json\/wp\/v2\/posts"}],"about":[{"href":"https:\/\/www.europesays.com\/se\/wp-json\/wp\/v2\/types\/post"}],"author":[{"embeddable":true,"href":"https:\/\/www.europesays.com\/se\/wp-json\/wp\/v2\/users\/2"}],"replies":[{"embeddable":true,"href":"https:\/\/www.europesays.com\/se\/wp-json\/wp\/v2\/comments?post=110137"}],"version-history":[{"count":0,"href":"https:\/\/www.europesays.com\/se\/wp-json\/wp\/v2\/posts\/110137\/revisions"}],"wp:featuredmedia":[{"embeddable":true,"href":"https:\/\/www.europesays.com\/se\/wp-json\/wp\/v2\/media\/110138"}],"wp:attachment":[{"href":"https:\/\/www.europesays.com\/se\/wp-json\/wp\/v2\/media?parent=110137"}],"wp:term":[{"taxonomy":"category","embeddable":true,"href":"https:\/\/www.europesays.com\/se\/wp-json\/wp\/v2\/categories?post=110137"},{"taxonomy":"post_tag","embeddable":true,"href":"https:\/\/www.europesays.com\/se\/wp-json\/wp\/v2\/tags?post=110137"}],"curies":[{"name":"wp","href":"https:\/\/api.w.org\/{rel}","templated":true}]}}