{"id":110154,"date":"2025-12-18T14:45:08","date_gmt":"2025-12-18T14:45:08","guid":{"rendered":"https:\/\/www.europesays.com\/se\/110154\/"},"modified":"2025-12-18T14:45:08","modified_gmt":"2025-12-18T14:45:08","slug":"upprop-fran-de-nordiska-branschorganisationerna-for-tech-vi-har-ett-akut-behov-av-ett-gemensamt-ramverk-for-sakerhetsprovningar","status":"publish","type":"post","link":"https:\/\/www.europesays.com\/se\/110154\/","title":{"rendered":"Upprop fr\u00e5n de nordiska branschorganisationerna f\u00f6r tech: Vi har ett akut behov av ett gemensamt ramverk f\u00f6r s\u00e4kerhetspr\u00f6vningar"},"content":{"rendered":"<p>Med Finland och Sverige som nya medlemmar i\u00a0Nato, tillsammans med Norge och Danmark, har Norden en historisk m\u00f6jlighet att st\u00e4rka\u00a0den\u00a0digitala motst\u00e5ndskraften.\u00a0Praktiska hinder i s\u00e4kerhetspr\u00f6vningen av anst\u00e4llda riskerar\u00a0dock\u00a0att bromsa arbetet med att\u00a0h\u00f6ja skyddet ytterligare.\u00a0<\/p>\n<p>Ett effektivt arbete med\u00a0cybers\u00e4kerhet f\u00f6ruts\u00e4tter tillg\u00e5ng till r\u00e4tt specialister. I dag \u00e4r s\u00e4kerhetspr\u00f6vningsprocesserna emellertid s\u00e5 l\u00e5nga och varierar s\u00e5 mycket mellan de nordiska l\u00e4nderna att de\u00a0minskar\u00a0mobiliteten, bromsar informationsutbytet och\u00a0f\u00f6rsenar insatser.\u00a0<\/p>\n<p>D\u00e4rf\u00f6r g\u00f6r de\u00a0nordiska branschorganisationerna\u00a0inom it och\u00a0tech\u00a0ett gemensamt upprop:\u00a0\u00a0<\/p>\n<p>Vi m\u00e5ste\u00a0snabbt\u00a0skapa ett\u00a0gemensamt\u00a0nordiskt\u00a0ramverk\u00a0f\u00f6r s\u00e4kerhetspr\u00f6vningar f\u00f6r att kunna\u00a0b\u00e4ttre kunna skydda oss. De nordiska branschorganisationer som st\u00e5r bakom uppropet \u00e4r svenska\u00a0TechSverige,\u00a0danska IT-Branchen, finska\u00a0FiCom\u00a0och norska\u00a0Tek\u00a0Norge.\u00a0<\/p>\n<p>\u201dVi v\u00e4lkomnar den svenska regeringens beslut att\u00a0i grunden se \u00f6ver\u00a0systemet\u00a0f\u00f6r s\u00e4kerhetspr\u00f6vning, men processen kan ta flera \u00e5r. Under tiden m\u00e5ste svenska myndigheter vidta \u00e5tg\u00e4rder f\u00f6r att g\u00f6ra den nuvarande s\u00e4kerhetspr\u00f6vningsprocessen smidigare och snabbare\u00a0\u2013 s\u00e4rskilt n\u00e4r det g\u00e4ller nordiska grannl\u00e4nder\u201d, avslutar \u00c5sa Zetterberg, vd f\u00f6r\u00a0TechSverige.\u00a0<\/p>\n<p>\u201dVi m\u00e5ste etablera ett\u00a0gemensamt\u00a0nordiskt\u00a0ramverk\u00a0f\u00f6r s\u00e4kerhetspr\u00f6vningar baserad p\u00e5\u00a0Natoprinciper. Under tiden ser vi fram emot en n\u00e4ra dialog med myndigheterna f\u00f6r att hitta en praktisk l\u00f6sning som h\u00e4r och nu f\u00f6rb\u00e4ttrar f\u00f6ruts\u00e4ttningarna f\u00f6r att it- och telekomf\u00f6retag ska kunna verka och skydda den kritiska digitala infrastrukturen i Norden\u201d,\u00a0s\u00e4ger\u00a0Natasha Friis\u00a0Saxberg, vd f\u00f6r IT-Branchen.\u00a0<\/p>\n<p>Fr\u00e5n\u00a0Tek\u00a0Norge varnar vd\u00a0\u00d8yvind\u00a0Husby f\u00f6r samma sak:\u00a0<\/p>\n<p>\u201dDe nordiska regeringarna och\u00a0Nato\u00a0understryker behovet av stark cybers\u00e4kerhet och uppmanar f\u00f6retagen att bidra. Men regeringarna har ocks\u00e5 ett ansvar. Det beh\u00f6vs nya \u00e5tg\u00e4rder som g\u00f6r det l\u00e4ttare att samarbeta kring s\u00e4kerhet \u00f6ver hela Norden. Besluten kan inte skjutas upp l\u00e4ngre. F\u00f6rseningar kommer att ske p\u00e5 bekostnad av Nordens samlade s\u00e4kerhet.\u201d\u00a0<\/p>\n<p>L\u00f6sningen p\u00e5 problemet finns inom r\u00e4ckh\u00e5ll, men kr\u00e4ver\u00a0nu\u00a0politisk handlingskraft.\u00a0Fyra \u00e5tg\u00e4rder \u00e4r prioriterade:\u00a0<\/p>\n<ol style=\"list-style-type:decimal\" start=\"1\">\n<li>\n<p>Ett politiskt beslut:\u00a0De nordiska regeringarna\u00a0m\u00e5ste\u00a0enas om ett\u00a0gemensamt\u00a0ramverk\u00a0f\u00f6r s\u00e4kerhetspr\u00f6vningar och f\u00f6rplikta sig till en bindande tidsplan.\u00a0<\/p>\n<\/li>\n<\/ol>\n<ol style=\"list-style-type:decimal\" start=\"2\">\n<li>\n<p>Harmoniserade processer:\u00a0S\u00e4kerhetsmyndigheterna b\u00f6r,\u00a0i n\u00e4ra samarbete med f\u00f6retagen,\u00a0utveckla en snabbare gr\u00e4ns\u00f6verskridande modell f\u00f6r s\u00e4kerhetspr\u00f6vning. Specialister ska kunna\u00a0s\u00e4kerhetspr\u00f6vas\u00a0genom en samlad process som g\u00e4ller i hela Norden.\u00a0<\/p>\n<\/li>\n<\/ol>\n<ol style=\"list-style-type:decimal\" start=\"3\">\n<li>\n<p>Inf\u00f6rande\u00a0och uppf\u00f6ljning:\u00a0Den nya modellen ska oms\u00e4ttas i praktiken, testas genom gemensamma \u00f6vningar och f\u00f6rankras n\u00e4ra i\u00a0Natosamarbetet.\u00a0<\/p>\n<\/li>\n<\/ol>\n<ol style=\"list-style-type:decimal\" start=\"4\">\n<li>\n<p>En tillf\u00e4llig l\u00f6sning:\u00a0De nordiska l\u00e4nderna b\u00f6r ing\u00e5 en \u00f6verenskommelse som h\u00e4r och nu g\u00f6r det l\u00e4ttare f\u00f6r personal inom digital infrastruktur och s\u00e4kerhet att r\u00f6ra sig \u00f6ver nationsgr\u00e4nserna.\u00a0<\/p>\n<\/li>\n<\/ol>\n<p>Cybers\u00e4kerhet handlar inte bara om f\u00f6rebyggande \u00e5tg\u00e4rder, utan \u00e4r en integrerad del av\u00a0hela\u00a0samh\u00e4llets s\u00e4kerhet. En stark och robust digital infrastruktur \u00e4r avg\u00f6rande f\u00f6r ett motst\u00e5ndskraftigt samh\u00e4lle.\u00a0<\/p>\n<p>\u201dCybers\u00e4kerhet \u00e4r beroende av h\u00f6gt kvalificerade specialister, och det \u00e4r avg\u00f6rande att kunna\u00a0s\u00e4kerhetspr\u00f6va\u00a0dem. I dag varierar s\u00e4kerhetspr\u00f6vningsprocesserna i Norden och kan ta mer \u00e4n ett \u00e5r. Det\u00a0hindrarexperters mobilitet, bromsar informationsutbytet och f\u00f6rsvagar v\u00e5r f\u00f6rm\u00e5ga att snabbt reagera p\u00e5 cyberhot\u201d, s\u00e4ger Elina Ussa, vd f\u00f6r\u00a0FiCom.\u00a0<\/p>\n<p>De nordiska l\u00e4nderna har en l\u00e5ng tradition av samarbete. Nu b\u00f6r detta samarbete lyftas till n\u00e4sta niv\u00e5 inom\u00a0Nato. Harmonisering av s\u00e4kerhetspr\u00f6vningsprocedurer \u00e4r det f\u00f6rsta n\u00f6dv\u00e4ndiga steget \u2013 och det m\u00e5ste ske s\u00e5 snabbt som m\u00f6jligt.\u00a0<\/p>\n","protected":false},"excerpt":{"rendered":"Med Finland och Sverige som nya medlemmar i\u00a0Nato, tillsammans med Norge och Danmark, har Norden en historisk m\u00f6jlighet&hellip;\n","protected":false},"author":2,"featured_media":110155,"comment_status":"","ping_status":"","sticky":false,"template":"","format":"standard","meta":{"footnotes":""},"categories":[65],"tags":[72,70,71,34,31,33,32,30],"class_list":{"0":"post-110154","1":"post","2":"type-post","3":"status-publish","4":"format-standard","5":"has-post-thumbnail","7":"category-ekonomi","8":"tag-business","9":"tag-economy","10":"tag-ekonomi","11":"tag-se","12":"tag-svenska","13":"tag-sverige","14":"tag-sweden","15":"tag-swedish"},"share_on_mastodon":{"url":"https:\/\/pubeurope.com\/@se\/115741112583387766","error":""},"_links":{"self":[{"href":"https:\/\/www.europesays.com\/se\/wp-json\/wp\/v2\/posts\/110154","targetHints":{"allow":["GET"]}}],"collection":[{"href":"https:\/\/www.europesays.com\/se\/wp-json\/wp\/v2\/posts"}],"about":[{"href":"https:\/\/www.europesays.com\/se\/wp-json\/wp\/v2\/types\/post"}],"author":[{"embeddable":true,"href":"https:\/\/www.europesays.com\/se\/wp-json\/wp\/v2\/users\/2"}],"replies":[{"embeddable":true,"href":"https:\/\/www.europesays.com\/se\/wp-json\/wp\/v2\/comments?post=110154"}],"version-history":[{"count":0,"href":"https:\/\/www.europesays.com\/se\/wp-json\/wp\/v2\/posts\/110154\/revisions"}],"wp:featuredmedia":[{"embeddable":true,"href":"https:\/\/www.europesays.com\/se\/wp-json\/wp\/v2\/media\/110155"}],"wp:attachment":[{"href":"https:\/\/www.europesays.com\/se\/wp-json\/wp\/v2\/media?parent=110154"}],"wp:term":[{"taxonomy":"category","embeddable":true,"href":"https:\/\/www.europesays.com\/se\/wp-json\/wp\/v2\/categories?post=110154"},{"taxonomy":"post_tag","embeddable":true,"href":"https:\/\/www.europesays.com\/se\/wp-json\/wp\/v2\/tags?post=110154"}],"curies":[{"name":"wp","href":"https:\/\/api.w.org\/{rel}","templated":true}]}}