{"id":110158,"date":"2025-12-18T14:48:23","date_gmt":"2025-12-18T14:48:23","guid":{"rendered":"https:\/\/www.europesays.com\/se\/110158\/"},"modified":"2025-12-18T14:48:23","modified_gmt":"2025-12-18T14:48:23","slug":"paus-i-parkeringsreglering-for-att-forbattra-framkomligheten-i-centrala-varnamo","status":"publish","type":"post","link":"https:\/\/www.europesays.com\/se\/110158\/","title":{"rendered":"Paus i parkeringsreglering f\u00f6r att f\u00f6rb\u00e4ttra framkomligheten i centrala V\u00e4rnamo"},"content":{"rendered":"<p class=\"normal\">Mot den bakgrunden har vi nu beslutat om en tillf\u00e4llig paus i parkeringsregleringen p\u00e5 vissa st\u00f6rre parkeringsytor i centrala V\u00e4rnamo.<\/p>\n<p class=\"normal\">Syftet med \u00e5tg\u00e4rden \u00e4r att minska belastningen p\u00e5 kringliggande gator och skapa b\u00e4ttre f\u00f6ruts\u00e4ttningar f\u00f6r ett fungerande trafikfl\u00f6de i omr\u00e5det. Genom att tillf\u00e4lligt pausa regleringen p\u00e5 utvalda parkeringsplatser bed\u00f6ms fler bilister v\u00e4lja dessa ytor i st\u00e4llet f\u00f6r att parkera i gatumilj\u00f6n, vilket bidrar till \u00f6kad trafiks\u00e4kerhet och b\u00e4ttre framkomlighet.<\/p>\n<p class=\"normal\">Fr\u00e5n och med 23 december pausas d\u00e4rf\u00f6r parkeringsregleringen p\u00e5 f\u00f6ljande parkeringsplatser:<\/p>\n<ul class=\" normal\">\n<li>Vid V\u00e4rnamo stadshus<\/li>\n<li>Vid Polishuset<\/li>\n<li>Vid Apladalen<\/li>\n<\/ul>\n<p class=\"normal\">Pausen g\u00e4ller inte gatuparkeringar, d\u00e4r nuvarande regler fortsatt g\u00e4ller.<\/p>\n<p class=\"normal\">Det \u00e4r viktigt att understryka att beslutet inte handlar om att gynna n\u00e5gon s\u00e4rskild grupp, utan om att hantera en konkret trafiksituation och skapa ordning, s\u00e4kerhet och b\u00e4ttre fl\u00f6den i ett omr\u00e5de som just nu \u00e4r h\u00e5rt belastat.<\/p>\n<p class=\"normal\">Samtidigt kommer teknik- och fritidsf\u00f6rvaltningen f\u00e5 i uppdrag att ta fram ett samlat f\u00f6rslag f\u00f6r framtida parkeringsl\u00f6sningar. Uppdraget omfattar bland annat att se \u00f6ver en ny modell f\u00f6r m\u00e5nadsparkering inom parkeringszonerna, med m\u00e5let att skapa ett mer l\u00e5ngsiktigt, tydligt och r\u00e4ttvist system f\u00f6r parkering. F\u00f6rslaget kommer att presenteras f\u00f6r n\u00e4mnden vid ett senare tillf\u00e4lle.<\/p>\n<p class=\"normal\">\u00c5tg\u00e4rden kommer att f\u00f6ljas upp och utv\u00e4rderas, och eventuella justeringar beslutas utifr\u00e5n hur trafiksituationen utvecklas.<\/p>\n","protected":false},"excerpt":{"rendered":"Mot den bakgrunden har vi nu beslutat om en tillf\u00e4llig paus i parkeringsregleringen p\u00e5 vissa st\u00f6rre parkeringsytor i&hellip;\n","protected":false},"author":2,"featured_media":110159,"comment_status":"","ping_status":"","sticky":false,"template":"","format":"standard","meta":{"footnotes":""},"categories":[12],"tags":[22,23,26,27,12181,12191,12192,17,21,12190,24,25,28,29,15,16,12187,12185,12186,12184,12189,12183,18,34,31,33,32,30,19,20,12182,431,12188],"class_list":{"0":"post-110158","1":"post","2":"type-post","3":"status-publish","4":"format-standard","5":"has-post-thumbnail","7":"category-sverige","8":"tag-breaking-news","9":"tag-breakingnews","10":"tag-featured-news","11":"tag-featurednews","12":"tag-framkomlighet","13":"tag-framtida-system","14":"tag-hallbara-parkeringslosningar","15":"tag-headlines","16":"tag-huvudnyheter","17":"tag-langsiktiga-losningar","18":"tag-latest-news","19":"tag-latestnews","20":"tag-main-news","21":"tag-mainnews","22":"tag-news","23":"tag-nyheter","24":"tag-parkeringsovervakning","25":"tag-parkeringsreglering","26":"tag-parkeringstillstand","27":"tag-passage","28":"tag-personsakerhet","29":"tag-rorelsefrihet","30":"tag-rubriker","31":"tag-se","32":"tag-svenska","33":"tag-sverige","34":"tag-sweden","35":"tag-swedish","36":"tag-top-stories","37":"tag-topstories","38":"tag-trafikflode","39":"tag-trafiksakerhet","40":"tag-vagtrafiksakerhet"},"share_on_mastodon":{"url":"","error":"Validation failed: Text character limit of 500 exceeded"},"_links":{"self":[{"href":"https:\/\/www.europesays.com\/se\/wp-json\/wp\/v2\/posts\/110158","targetHints":{"allow":["GET"]}}],"collection":[{"href":"https:\/\/www.europesays.com\/se\/wp-json\/wp\/v2\/posts"}],"about":[{"href":"https:\/\/www.europesays.com\/se\/wp-json\/wp\/v2\/types\/post"}],"author":[{"embeddable":true,"href":"https:\/\/www.europesays.com\/se\/wp-json\/wp\/v2\/users\/2"}],"replies":[{"embeddable":true,"href":"https:\/\/www.europesays.com\/se\/wp-json\/wp\/v2\/comments?post=110158"}],"version-history":[{"count":0,"href":"https:\/\/www.europesays.com\/se\/wp-json\/wp\/v2\/posts\/110158\/revisions"}],"wp:featuredmedia":[{"embeddable":true,"href":"https:\/\/www.europesays.com\/se\/wp-json\/wp\/v2\/media\/110159"}],"wp:attachment":[{"href":"https:\/\/www.europesays.com\/se\/wp-json\/wp\/v2\/media?parent=110158"}],"wp:term":[{"taxonomy":"category","embeddable":true,"href":"https:\/\/www.europesays.com\/se\/wp-json\/wp\/v2\/categories?post=110158"},{"taxonomy":"post_tag","embeddable":true,"href":"https:\/\/www.europesays.com\/se\/wp-json\/wp\/v2\/tags?post=110158"}],"curies":[{"name":"wp","href":"https:\/\/api.w.org\/{rel}","templated":true}]}}