{"id":110172,"date":"2025-12-18T15:03:27","date_gmt":"2025-12-18T15:03:27","guid":{"rendered":"https:\/\/www.europesays.com\/se\/110172\/"},"modified":"2025-12-18T15:03:27","modified_gmt":"2025-12-18T15:03:27","slug":"kraftiga-oversvamningar-i-gaza-bebis-forfros","status":"publish","type":"post","link":"https:\/\/www.europesays.com\/se\/110172\/","title":{"rendered":"Kraftiga \u00f6versv\u00e4mningar i Gaza \u2013 bebis f\u00f6rfr\u00f6s"},"content":{"rendered":"<p>Den humanit\u00e4ra krisen i Gaza har de senaste dagarna f\u00f6rv\u00e4rrats av kraftig nederb\u00f6rd, rapporterar BBC. <\/p>\n<p>En bebis har d\u00f6tt av hypotermi i k\u00f6lvattnet av det kraftiga regnet och elva personer har d\u00f6tt av att byggnader kollapsat.<\/p>\n<p>Enligt FN:s ber\u00e4kning har 55\u202f000 familjer p\u00e5verkats av det sv\u00e5ra v\u00e4dret och \u00f6ver 40 skyddsplatser har \u00f6versv\u00e4mmats. En talesperson f\u00f6r FN-organet Unicef, Jonathan Crickx, uppger att det under natten till i onsdags regnade \u201dfruktansv\u00e4rt\u201d mycket.<\/p>\n<p> \u2013 Jag kunde se f\u00f6r\u00e4ldrar som f\u00f6rs\u00f6kte torka n\u00e5gra av filtarna de hade. Men det har regnat n\u00e4stan hela tiden de senaste fyra eller fem dagarna, s\u00e5 det \u00e4r extremt sv\u00e5rt att h\u00e5lla barnen torra, s\u00e4ger han. <\/p>\n<p>Nu ser han en stor risk f\u00f6r att barn blir sjuka och i v\u00e4rsta fall att fler d\u00f6r av hypotermi. <\/p>\n<p>Omni \u00e4r politiskt obundna och oberoende. Vi str\u00e4var efter att ge fler perspektiv p\u00e5 nyheterna. Har du fr\u00e5gor eller synpunkter kring v\u00e5r rapportering? <a href=\"https:\/\/omni.se\/kraftiga-oversvamningar-i-gaza-bebis-forfros\/a\/mailto:redaktion@omni.se\" class=\"ArticleActions_contactLink__W2F1M\" rel=\"nofollow noopener\" target=\"_blank\">Kontakta redaktionen<\/a><\/p>\n","protected":false},"excerpt":{"rendered":"Den humanit\u00e4ra krisen i Gaza har de senaste dagarna f\u00f6rv\u00e4rrats av kraftig nederb\u00f6rd, rapporterar BBC. En bebis har&hellip;\n","protected":false},"author":2,"featured_media":110173,"comment_status":"","ping_status":"","sticky":false,"template":"","format":"standard","meta":{"footnotes":""},"categories":[14],"tags":[22,23,26,27,121,17,21,24,25,28,29,124,125,15,16,123,18,34,31,33,32,30,19,20,4523,51,52,53,54],"class_list":{"0":"post-110172","1":"post","2":"type-post","3":"status-publish","4":"format-standard","5":"has-post-thumbnail","7":"category-varlden","8":"tag-breaking-news","9":"tag-breakingnews","10":"tag-featured-news","11":"tag-featurednews","12":"tag-gaza","13":"tag-headlines","14":"tag-huvudnyheter","15":"tag-latest-news","16":"tag-latestnews","17":"tag-main-news","18":"tag-mainnews","19":"tag-mellanostern","20":"tag-mellanosternkrisen","21":"tag-news","22":"tag-nyheter","23":"tag-palestina","24":"tag-rubriker","25":"tag-se","26":"tag-svenska","27":"tag-sverige","28":"tag-sweden","29":"tag-swedish","30":"tag-top-stories","31":"tag-topstories","32":"tag-unicef","33":"tag-varlden","34":"tag-world","35":"tag-world-news","36":"tag-worldnews"},"share_on_mastodon":{"url":"https:\/\/pubeurope.com\/@se\/115741183624692218","error":""},"_links":{"self":[{"href":"https:\/\/www.europesays.com\/se\/wp-json\/wp\/v2\/posts\/110172","targetHints":{"allow":["GET"]}}],"collection":[{"href":"https:\/\/www.europesays.com\/se\/wp-json\/wp\/v2\/posts"}],"about":[{"href":"https:\/\/www.europesays.com\/se\/wp-json\/wp\/v2\/types\/post"}],"author":[{"embeddable":true,"href":"https:\/\/www.europesays.com\/se\/wp-json\/wp\/v2\/users\/2"}],"replies":[{"embeddable":true,"href":"https:\/\/www.europesays.com\/se\/wp-json\/wp\/v2\/comments?post=110172"}],"version-history":[{"count":0,"href":"https:\/\/www.europesays.com\/se\/wp-json\/wp\/v2\/posts\/110172\/revisions"}],"wp:featuredmedia":[{"embeddable":true,"href":"https:\/\/www.europesays.com\/se\/wp-json\/wp\/v2\/media\/110173"}],"wp:attachment":[{"href":"https:\/\/www.europesays.com\/se\/wp-json\/wp\/v2\/media?parent=110172"}],"wp:term":[{"taxonomy":"category","embeddable":true,"href":"https:\/\/www.europesays.com\/se\/wp-json\/wp\/v2\/categories?post=110172"},{"taxonomy":"post_tag","embeddable":true,"href":"https:\/\/www.europesays.com\/se\/wp-json\/wp\/v2\/tags?post=110172"}],"curies":[{"name":"wp","href":"https:\/\/api.w.org\/{rel}","templated":true}]}}