{"id":110206,"date":"2025-12-18T15:27:09","date_gmt":"2025-12-18T15:27:09","guid":{"rendered":"https:\/\/www.europesays.com\/se\/110206\/"},"modified":"2025-12-18T15:27:09","modified_gmt":"2025-12-18T15:27:09","slug":"sannfinlandarna-har-gett-sitt-straff-allvarlig-anmarkning-till-eerola-och-garedew-inrikes","status":"publish","type":"post","link":"https:\/\/www.europesays.com\/se\/110206\/","title":{"rendered":"Sannfinl\u00e4ndarna har gett sitt straff: Allvarlig anm\u00e4rkning till Eerola och Garedew | Inrikes"},"content":{"rendered":"<p class=\"aw-1gybjub aw-5vja16 kEtdKx kmuxyA yle__article__paragraph\">Sannfinl\u00e4ndarnas riksdagsgrupp ger allvarliga anm\u00e4rkningar till de tv\u00e5 riksdags\u00adledam\u00f6ter som publicerade rasistiska bilder. Samlingspartiet och SFP \u00e4r n\u00f6jda.<\/p>\n<p><img decoding=\"async\" alt=\"Juho Eerola, Kaisa Garedew st\u00e5r med sammanbitna miner p\u00e5 ett presstillf\u00e4lle. \" src=\"https:\/\/www.europesays.com\/se\/wp-content\/uploads\/2025\/12\/39-157205469440d7131374.jpeg\" class=\"aw-1l9m598 hKVVvP\"\/><\/p>\n<p>\u00d6ppna bildvisare<\/p>\n<p>De rasistiska bilderna som sannfinl\u00e4dare publicerat har uppm\u00e4rksammats internationellt. Bild: Markku Ulander \/ LehtikuvaLyssna (du h\u00f6r en artificiell r\u00f6st) 4:50<\/p>\n<p class=\"aw-1gybjub aw-1p7kakr kEtdKx cEmitX yle__article__paragraph\">Sannfinl\u00e4ndarnas riksdagsgrupp har haft m\u00f6te p\u00e5 torsdagen f\u00f6r att diskutera om det blir n\u00e5gra straff f\u00f6r de sannfinl\u00e4ndska riksdagsledam\u00f6terna <strong class=\"aw-ak79eh KyCXm yle__article__strong\">Juho Eerola<\/strong> och <strong class=\"aw-ak79eh KyCXm yle__article__strong\">Kaisa Garedew<\/strong> som <a class=\"aw-iao6s4 iHOxEa yle__article__link\" href=\"https:\/\/yle.fi\/a\/7-10089881\" role=\"link\" rel=\"nofollow noopener\" target=\"_blank\">publicerade rasistiska bilder<\/a> p\u00e5 sociala medier.<\/p>\n<p class=\"aw-1gybjub aw-1p7kakr kEtdKx cEmitX yle__article__paragraph\">Efter knappa tv\u00e5 timmars m\u00f6te ber\u00e4ttade den sannfinl\u00e4ndska riksdagsgruppens ordf\u00f6rande <strong class=\"aw-ak79eh KyCXm yle__article__strong\">Jani M\u00e4kel\u00e4<\/strong> <a class=\"aw-iao6s4 iHOxEa yle__article__link\" href=\"https:\/\/arenan.yle.fi\/1-76925893\" role=\"link\" rel=\"nofollow noopener\" target=\"_blank\">vad man beslutat om<\/a>.<\/p>\n<p class=\"aw-1gybjub aw-1p7kakr kEtdKx cEmitX yle__article__paragraph\">Eerola och Garedew f\u00e5r allvarliga anm\u00e4rkningar.<\/p>\n<p class=\"aw-1gybjub aw-1p7kakr kEtdKx cEmitX yle__article__paragraph\">\u2013 Vi har kommit \u00f6verens om att s\u00e5dant h\u00e4r inte ska h\u00e4nda i forts\u00e4ttningen, sa M\u00e4kel\u00e4.<\/p>\n<p class=\"aw-1gybjub aw-1p7kakr kEtdKx cEmitX yle__article__paragraph\">M\u00e4kel\u00e4 ber\u00e4ttar att gruppen f\u00f6rt allvarliga diskussioner och konstaterar att bilderna inte borde ha publicerats. Han s\u00e4ger att det inte kr\u00e4vdes n\u00e5gra omr\u00f6stningar inom gruppen.<\/p>\n<p class=\"aw-1gybjub aw-1p7kakr kEtdKx cEmitX yle__article__paragraph\">M\u00e4kel\u00e4 v\u00e4grar s\u00e4ga att bilderna var rasistiska, och att meningen med bilderna aldrig var att s\u00e5ra n\u00e5gon.<\/p>\n<p class=\"aw-1gybjub aw-1p7kakr kEtdKx cEmitX yle__article__paragraph\">B\u00e5de Eerola och Garedew bad om urs\u00e4kt framf\u00f6r den samlade pressk\u00e5ren.<\/p>\n<p>Samlingspartiet: Saken \u00e4r avklarad<\/p>\n<p class=\"aw-1gybjub aw-1p7kakr kEtdKx cEmitX yle__article__paragraph\">Samlingspartiets gruppordf\u00f6rande <strong class=\"aw-ak79eh KyCXm yle__article__strong\">Jukka Kopra<\/strong> s\u00e4ger att han \u00e4r n\u00f6jd att sannfinl\u00e4ndarna tagit fr\u00e5gan p\u00e5 allvar och bett om urs\u00e4kt.<\/p>\n<p class=\"aw-1gybjub aw-1p7kakr kEtdKx cEmitX yle__article__paragraph\">Enligt Kopra \u00e4r straffet tillr\u00e4ckligt f\u00f6r att g\u00f6ra regeringskollegorna n\u00f6jda.<\/p>\n<p class=\"aw-1gybjub aw-1p7kakr kEtdKx cEmitX yle__article__paragraph\">\u2013 Saken \u00e4r f\u00e4rdigt behandlad, sa Kopra.<\/p>\n<p class=\"aw-1gybjub aw-1p7kakr kEtdKx cEmitX yle__article__paragraph\">Enligt regeringens \u00f6verenskommelse fr\u00e5n september ska rasistiskt beteende straffas med sanktioner. Straffet avg\u00f6rs av det egna partiets riksdagsgrupp, i enlighet med gruppens regler.<\/p>\n<p class=\"aw-1gybjub aw-1p7kakr kEtdKx cEmitX yle__article__paragraph\">Om de fyra regeringspartiernas gruppordf\u00f6rande inte lyckas n\u00e5 en l\u00f6sning g\u00e5r \u00e4rendet i sista hand till partiordf\u00f6randena. Statsminister <strong class=\"aw-ak79eh KyCXm yle__article__strong\">Petteri Orpo<\/strong> (saml) har sagt att regeringen inte \u00e4r funktionsduglig om de nya reglerna inte f\u00f6ljs.<\/p>\n<p>SFP: \u00c4ntligen en sanktion<\/p>\n<p class=\"aw-1gybjub aw-1p7kakr kEtdKx cEmitX yle__article__paragraph\">Svenska riksdagsgruppens ordf\u00f6rande <strong class=\"aw-ak79eh KyCXm yle__article__strong\">Otto Andersson<\/strong> s\u00e4ger till Svenska Yle att partiet inte \u00e4r n\u00f6jt med situationen som helhet och med den skada aff\u00e4ren \u00e5samkat Finlandsbilden. Men:<\/p>\n<p class=\"aw-1gybjub aw-1p7kakr kEtdKx cEmitX yle__article__paragraph\">\u2013 Det var bra att b\u00e5de gruppordf\u00f6randen och de tv\u00e5 riksdagsledam\u00f6terna bad om f\u00f6rl\u00e5telse och att sannfinl\u00e4ndarnas riksdagsgrupp \u2013 till skillnad fr\u00e5n n\u00e5gonsin tidigare i liknande fall \u2013 kom med en klar sanktion.<\/p>\n<p class=\"aw-1gybjub aw-1p7kakr kEtdKx cEmitX yle__article__paragraph\"><strong class=\"aw-ak79eh KyCXm yle__article__strong\">N\u00f6jer sig SFP med det h\u00e4r eller g\u00e5r fr\u00e5gan vidare till exempelvis partiledarnas bord?<\/strong><\/p>\n<p class=\"aw-1gybjub aw-1p7kakr kEtdKx cEmitX yle__article__paragraph\">\u2013 Nej, vi f\u00f6r det inte vidare, sa Andersson.<\/p>\n<p>Keskisarja: \u201d\u00c4r det h\u00e4r v\u00e4rt att be om urs\u00e4kt f\u00f6r?\u201d<\/p>\n<p class=\"aw-1gybjub aw-1p7kakr kEtdKx cEmitX yle__article__paragraph\">De rasistiska bilderna har skapat rubriker i hela v\u00e4rlden och anses ha skadat Finlands rykte internationellt. Statsministern har bett om urs\u00e4kt via Finlands ambassader i Kina, Japan och Sydkorea.<\/p>\n<p class=\"aw-1gybjub aw-1p7kakr kEtdKx cEmitX yle__article__paragraph\">Den japanska regeringen <a class=\"aw-iao6s4 iHOxEa yle__article__link\" href=\"https:\/\/www.scmp.com\/news\/asia\/east-asia\/article\/3336883\/japan-demands-response-finland-over-beauty-queens-slanted-eyes-photos\" role=\"link\" rel=\"nofollow noopener\" target=\"_blank\">har \u00e4ven kr\u00e4vt \u00e5tg\u00e4rder<\/a> av den finl\u00e4ndska regeringen.<\/p>\n<p class=\"aw-1gybjub aw-1p7kakr kEtdKx cEmitX yle__article__paragraph\">Sannfinl\u00e4ndarnas vice ordf\u00f6rande <strong class=\"aw-ak79eh KyCXm yle__article__strong\">Teemu Keskisarja<\/strong> kommenterade fallet utanf\u00f6r grupprummet strax efter att m\u00f6tet hade b\u00f6rjat. Han sa att han som historiker tycker att \u201dvi lever i galna tider\u201d.<\/p>\n<p class=\"aw-1gybjub aw-1p7kakr kEtdKx cEmitX yle__article__paragraph\">\u2013 \u00c4r det h\u00e4r v\u00e4rt att be om urs\u00e4kt f\u00f6r? Tycker ni journalister faktiskt att Finlandsbilden har f\u00f6rst\u00f6rts? sa Keskisarja och v\u00e4nde journalisterna ryggen.<\/p>\n<p class=\"aw-1gybjub aw-1p7kakr kEtdKx cEmitX yle__article__paragraph\">Juho Eerola har<a class=\"aw-iao6s4 iHOxEa yle__article__link\" href=\"https:\/\/yle.fi\/a\/7-10089891\" role=\"link\" rel=\"nofollow noopener\" target=\"_blank\"> bett om urs\u00e4kt<\/a> f\u00f6r sitt agerande, medan Kaisa Garedew har sagt att hon inte f\u00f6rst\u00e5r vad hon borde be om urs\u00e4kt f\u00f6r.<\/p>\n<p>Saknar nedskrivna regler<\/p>\n<p class=\"aw-1gybjub aw-1p7kakr kEtdKx cEmitX yle__article__paragraph\">Sannfinl\u00e4ndarnas riksdagsgrupp \u00e4r den enda som<a class=\"aw-iao6s4 iHOxEa yle__article__link\" href=\"https:\/\/yle.fi\/a\/7-10083769\" role=\"link\" rel=\"nofollow noopener\" target=\"_blank\"> saknar uttalade straffregler<\/a>. Enligt <a class=\"aw-iao6s4 iHOxEa yle__article__link\" href=\"https:\/\/www.is.fi\/politiikka\/art-2000011470820.html\" role=\"link\" rel=\"nofollow noopener\" target=\"_blank\">Ilta-sanomat<\/a> str\u00f6ks sanktionerna n\u00e4r gruppens stadgar f\u00f6rnyades \u00e5r 2023.<\/p>\n<p class=\"aw-1gybjub aw-1p7kakr kEtdKx cEmitX yle__article__paragraph\">De gamla stadgarna n\u00e4mnde att en medlem som beter sig osakligt eller bryter mot gruppens regler kan f\u00e5 en tills\u00e4gelse, en varning eller i grova fall uteslutas ur gruppen.<\/p>\n<p class=\"aw-1gybjub aw-1p7kakr kEtdKx cEmitX yle__article__paragraph\">I <a class=\"aw-iao6s4 iHOxEa yle__article__link\" href=\"https:\/\/yle.fi\/a\/7-10083769\" role=\"link\" rel=\"nofollow noopener\" target=\"_blank\">september<\/a> sa gruppens generalsekreterare <strong class=\"aw-ak79eh KyCXm yle__article__strong\">Olli Immonen<\/strong> att m\u00f6jliga konsekvenser f\u00f6r en sannfinl\u00e4ndsk riksdagsledamot som bryter mot reglerna kan till exempel vara diskussion, tills\u00e4gelse eller varning.<\/p>\n<p>S\u00e5 h\u00e4r har Sannfinl\u00e4ndarna straffat tidigare<\/p>\n<ul class=\"aw-1jjocuh iJTSwP yle__article__list yle__article__list--ul\">\n<li class=\"aw-1j7gwms gNYKfi\">I fjol fick tre Sannfinl\u00e4ndska riksdagsledam\u00f6ter allvarliga varningar efter att <a class=\"aw-iao6s4 iHOxEa yle__article__link\" href=\"https:\/\/yle.fi\/a\/7-10069490\" role=\"link\" rel=\"nofollow noopener\" target=\"_blank\">de r\u00f6stade emot regeringens f\u00f6rslag <\/a>om att sk\u00e4ra i sjukhusn\u00e4tet.<\/li>\n<li class=\"aw-1j7gwms gNYKfi\">RIksdagsledamoten <strong class=\"aw-ak79eh KyCXm yle__article__strong\">Timo Vornanen<\/strong> utesl\u00f6ts ur riksdagsgruppen i maj 2024 efter att ha dragit fram ett vapen och skjutit framf\u00f6r en nattklubb i Helsingfors.<\/li>\n<li class=\"aw-1j7gwms gNYKfi\">Ocks\u00e5 riksdagsledamoten <strong class=\"aw-ak79eh KyCXm yle__article__strong\">Ano Turtiainen<\/strong> utesl\u00f6ts ur gruppen efter att han <a class=\"aw-iao6s4 iHOxEa yle__article__link\" href=\"https:\/\/yle.fi\/a\/7-1471627\" role=\"link\" rel=\"nofollow noopener\" target=\"_blank\">p\u00e5 Twitter h\u00e5nat George Floyd<\/a>, som dog till f\u00f6ljd av polisbrutalitet i USA.<\/li>\n<li class=\"aw-1j7gwms gNYKfi\">Riksdagsledamot <strong class=\"aw-ak79eh KyCXm yle__article__strong\">Teuvo Hakkarainen<\/strong> fick en allvarlig varning av riksdagsgruppen efter att han<a class=\"aw-iao6s4 iHOxEa yle__article__link\" href=\"https:\/\/yle.fi\/a\/7-1263712\" role=\"link\" rel=\"nofollow noopener\" target=\"_blank\"> f\u00f6rs\u00f6kte kyssa en kvinnlig riksdagsledamot<\/a> mot hennes vilja i samband med riksdagens julfest 2017. Hakkarainen steg sj\u00e4lvmant ner fr\u00e5n rollen som andra vice ordf\u00f6rande.<\/li>\n<\/ul>\n<p class=\"aw-1gybjub aw-1p7kakr kEtdKx cEmitX yle__article__paragraph\">Artikeln uppdateras.<\/p>\n","protected":false},"excerpt":{"rendered":"Sannfinl\u00e4ndarnas riksdagsgrupp ger allvarliga anm\u00e4rkningar till de tv\u00e5 riksdags\u00adledam\u00f6ter som publicerade rasistiska bilder. Samlingspartiet och SFP \u00e4r n\u00f6jda.&hellip;\n","protected":false},"author":2,"featured_media":110207,"comment_status":"","ping_status":"","sticky":false,"template":"","format":"standard","meta":{"footnotes":""},"categories":[14],"tags":[22,23,26,27,684,12196,17,21,683,24,25,28,29,15,16,4968,369,3817,3778,12198,12194,12195,18,12197,11757,34,1541,31,33,32,30,12199,12200,19,20,51,52,53,54],"class_list":{"0":"post-110206","1":"post","2":"type-post","3":"status-publish","4":"format-standard","5":"has-post-thumbnail","7":"category-varlden","8":"tag-breaking-news","9":"tag-breakingnews","10":"tag-featured-news","11":"tag-featurednews","12":"tag-finland","13":"tag-finlands-politik","14":"tag-headlines","15":"tag-huvudnyheter","16":"tag-inrikes","17":"tag-latest-news","18":"tag-latestnews","19":"tag-main-news","20":"tag-mainnews","21":"tag-news","22":"tag-nyheter","23":"tag-petteri-orpo","24":"tag-politik","25":"tag-politiker-i-finland","26":"tag-rasism","27":"tag-regeringen-orpo","28":"tag-riksdagsgrupper","29":"tag-riksdagsledamoter","30":"tag-rubriker","31":"tag-samlingspartiet","32":"tag-sannfinlandarna","33":"tag-se","34":"tag-straff","35":"tag-svenska","36":"tag-sverige","37":"tag-sweden","38":"tag-swedish","39":"tag-teuvo-hakkarainen","40":"tag-timo-vornanen","41":"tag-top-stories","42":"tag-topstories","43":"tag-varlden","44":"tag-world","45":"tag-world-news","46":"tag-worldnews"},"share_on_mastodon":{"url":"","error":"Validation failed: Text character limit of 500 exceeded"},"_links":{"self":[{"href":"https:\/\/www.europesays.com\/se\/wp-json\/wp\/v2\/posts\/110206","targetHints":{"allow":["GET"]}}],"collection":[{"href":"https:\/\/www.europesays.com\/se\/wp-json\/wp\/v2\/posts"}],"about":[{"href":"https:\/\/www.europesays.com\/se\/wp-json\/wp\/v2\/types\/post"}],"author":[{"embeddable":true,"href":"https:\/\/www.europesays.com\/se\/wp-json\/wp\/v2\/users\/2"}],"replies":[{"embeddable":true,"href":"https:\/\/www.europesays.com\/se\/wp-json\/wp\/v2\/comments?post=110206"}],"version-history":[{"count":0,"href":"https:\/\/www.europesays.com\/se\/wp-json\/wp\/v2\/posts\/110206\/revisions"}],"wp:featuredmedia":[{"embeddable":true,"href":"https:\/\/www.europesays.com\/se\/wp-json\/wp\/v2\/media\/110207"}],"wp:attachment":[{"href":"https:\/\/www.europesays.com\/se\/wp-json\/wp\/v2\/media?parent=110206"}],"wp:term":[{"taxonomy":"category","embeddable":true,"href":"https:\/\/www.europesays.com\/se\/wp-json\/wp\/v2\/categories?post=110206"},{"taxonomy":"post_tag","embeddable":true,"href":"https:\/\/www.europesays.com\/se\/wp-json\/wp\/v2\/tags?post=110206"}],"curies":[{"name":"wp","href":"https:\/\/api.w.org\/{rel}","templated":true}]}}