{"id":110214,"date":"2025-12-18T15:34:08","date_gmt":"2025-12-18T15:34:08","guid":{"rendered":"https:\/\/www.europesays.com\/se\/110214\/"},"modified":"2025-12-18T15:34:08","modified_gmt":"2025-12-18T15:34:08","slug":"forslag-forenklar-overforing-av-data-till-nationella-kvalitetsregister","status":"publish","type":"post","link":"https:\/\/www.europesays.com\/se\/110214\/","title":{"rendered":"F\u00f6rslag f\u00f6renklar \u00f6verf\u00f6ring av data till nationella kvalitetsregister"},"content":{"rendered":"<p>&#13;<br \/>\n&#13;<br \/>\n&#13;<br \/>\n        &#13;<br \/>\n             &#13;<br \/>\n                    &#13;<br \/>\n                        18 december 2025&#13;<br \/>\n                    &#13;\n            <\/p>\n<p class=\"preamble m\">&#13;<br \/>\n                Ytterligare steg tas nu f\u00f6r att st\u00e4rka en sammanh\u00e5llen nationell digital infrastruktur i h\u00e4lso- och sjukv\u00e5rden. E-h\u00e4lsomyndigheten l\u00e4mnar f\u00f6rslag till regeringen f\u00f6r hur \u00f6verf\u00f6ring till nationella kvalitetsregister \u00f6ver tid kan bli enklare och mer effektiv.&#13;\n            <\/p>\n<p>                    <img decoding=\"async\" src=\"https:\/\/www.europesays.com\/se\/wp-content\/uploads\/2025\/12\/mp64434092-overlay-hospital-and-medical-insurance-for-healthcare2.jpg\" loading=\"lazy\" alt=\"\"  width=\"1408\" height=\"939\"\/><\/p>\n<p>I Sverige finns \u00f6ver 100 nationella kvalitetsregister, i dem rapporteras data i stor utstr\u00e4ckning in manuellt av medarbetare i v\u00e5rden. Samma information skrivs b\u00e5de in i patientens journal och i olika kvalitetsregister.<\/p>\n<p>\u2013 Genom att kombinera avgr\u00e4nsade l\u00f6sningar med snabb nytta med l\u00e5ngsiktigt arbete f\u00f6r gemensamma standarder och arkitektur i den nationella digitala infrastrukturen, minskar vi dubbelregistrering stegvis och st\u00e4rker f\u00f6ruts\u00e4ttningarna f\u00f6r kvalitetsutveckling och forskning, s\u00e4ger Max Herulf, avdelningschef p\u00e5 E\u2011h\u00e4lsomyndigheten.<\/p>\n<p>F\u00f6rslag b\u00e5de p\u00e5 kort och l\u00e5ng sikt<\/p>\n<p>P\u00e5 kort sikt f\u00f6resl\u00e5r E-h\u00e4lsomyndigheten regeringen att f\u00e5 uppdrag att forts\u00e4tta utveckla ett it-st\u00f6d f\u00f6r medarbetare i v\u00e5rden med skanning-teknik. Genom att skanna koden som finns p\u00e5 f\u00f6rpackningar till implantat minskar behovet av manuell registrering i kvalitetsregister. I st\u00e4llet \u00f6verf\u00f6rs data via E\u2011h\u00e4lsomyndigheten.<\/p>\n<p>F\u00f6r att automatisera \u00f6verf\u00f6ring av data i stor omfattning, framh\u00e5ller E\u2011h\u00e4lsomyndigheten vikten av en sammanh\u00e5llen och l\u00e5ngsiktig arkitektur f\u00f6r nationella kvalitetsregister. Ett arbete som f\u00f6resl\u00e5s ing\u00e5 i myndighetens uppdrag att utveckla en nationell digital infrastruktur i h\u00e4lso- och sjukv\u00e5rdssektorn. Nationell digital infrastruktur kan beskrivas som de gemensamma spelreglerna, spr\u00e5ket och verktygen som beh\u00f6vs f\u00f6r att data ska kunna anv\u00e4ndas och utbytas p\u00e5 ett tryggt och enhetligt s\u00e4tt.<\/p>\n<p>Myndigheten menar ocks\u00e5 att det finns potential att p\u00e5 l\u00e4ngre sikt utforska l\u00f6sningar f\u00f6r transformation av data mellan olika format och strukturer.<\/p>\n<p>Dialog och bred samverkan grunden till f\u00f6rslagen<\/p>\n<p>I dag finns l\u00f6sningar som p\u00e5 olika s\u00e4tt m\u00f6jligg\u00f6r automatiserad \u00f6verf\u00f6ring till kvalitetsregister. E-h\u00e4lsomyndigheten har genomf\u00f6rt flera dialoger med f\u00f6retr\u00e4dare f\u00f6r registerh\u00e5llare, v\u00e5rdgivare och systemleverant\u00f6rer.<\/p>\n<p>\u2013 Genom att bygga vidare p\u00e5 de l\u00f6sningar som redan finns och samordna dessa kopplat till arbetet med en nationell digital infrastruktur, \u00f6kar m\u00f6jligheterna f\u00f6r skalbara och kostnadseffektiva l\u00f6sningar, s\u00e4ger Max Herulf, avdelningschef p\u00e5 E\u2011h\u00e4lsomyndigheten.<\/p>\n<p>Om nationella kvalitetsregister<\/p>\n<p>Ett nationellt kvalitetsregister inneh\u00e5ller personuppgifter som diagnoser, insatta \u00e5tg\u00e4rder och resultat inom h\u00e4lso- och sjukv\u00e5rd och omsorg. Syftet \u00e4r att systematiskt och fortl\u00f6pande f\u00f6lja upp, utveckla och s\u00e4kra v\u00e5rdens kvalitet. Uppgifter som samlas in i det syftet f\u00e5r ocks\u00e5 anv\u00e4ndas till forskning och framtagning av statistik.<\/p>\n<p>&#13;<br \/>\n        Senast uppdaterad:&#13;<br \/>\n        18 december 2025&#13;\n    <\/p>\n","protected":false},"excerpt":{"rendered":"&#13; &#13; &#13; &#13; &#13; &#13; 18 december 2025&#13; &#13; &#13; Ytterligare steg tas nu f\u00f6r att st\u00e4rka&hellip;\n","protected":false},"author":2,"featured_media":110215,"comment_status":"","ping_status":"","sticky":false,"template":"","format":"standard","meta":{"footnotes":""},"categories":[65],"tags":[72,70,71,34,31,33,32,30],"class_list":{"0":"post-110214","1":"post","2":"type-post","3":"status-publish","4":"format-standard","5":"has-post-thumbnail","7":"category-ekonomi","8":"tag-business","9":"tag-economy","10":"tag-ekonomi","11":"tag-se","12":"tag-svenska","13":"tag-sverige","14":"tag-sweden","15":"tag-swedish"},"share_on_mastodon":{"url":"https:\/\/pubeurope.com\/@se\/115741305558478705","error":""},"_links":{"self":[{"href":"https:\/\/www.europesays.com\/se\/wp-json\/wp\/v2\/posts\/110214","targetHints":{"allow":["GET"]}}],"collection":[{"href":"https:\/\/www.europesays.com\/se\/wp-json\/wp\/v2\/posts"}],"about":[{"href":"https:\/\/www.europesays.com\/se\/wp-json\/wp\/v2\/types\/post"}],"author":[{"embeddable":true,"href":"https:\/\/www.europesays.com\/se\/wp-json\/wp\/v2\/users\/2"}],"replies":[{"embeddable":true,"href":"https:\/\/www.europesays.com\/se\/wp-json\/wp\/v2\/comments?post=110214"}],"version-history":[{"count":0,"href":"https:\/\/www.europesays.com\/se\/wp-json\/wp\/v2\/posts\/110214\/revisions"}],"wp:featuredmedia":[{"embeddable":true,"href":"https:\/\/www.europesays.com\/se\/wp-json\/wp\/v2\/media\/110215"}],"wp:attachment":[{"href":"https:\/\/www.europesays.com\/se\/wp-json\/wp\/v2\/media?parent=110214"}],"wp:term":[{"taxonomy":"category","embeddable":true,"href":"https:\/\/www.europesays.com\/se\/wp-json\/wp\/v2\/categories?post=110214"},{"taxonomy":"post_tag","embeddable":true,"href":"https:\/\/www.europesays.com\/se\/wp-json\/wp\/v2\/tags?post=110214"}],"curies":[{"name":"wp","href":"https:\/\/api.w.org\/{rel}","templated":true}]}}