{"id":110216,"date":"2025-12-18T15:35:42","date_gmt":"2025-12-18T15:35:42","guid":{"rendered":"https:\/\/www.europesays.com\/se\/110216\/"},"modified":"2025-12-18T15:35:42","modified_gmt":"2025-12-18T15:35:42","slug":"usa-redo-for-nya-sanktioner-mot-ryssland-2","status":"publish","type":"post","link":"https:\/\/www.europesays.com\/se\/110216\/","title":{"rendered":"USA redo f\u00f6r nya sanktioner mot Ryssland"},"content":{"rendered":"<p>USA \u00f6verv\u00e4ger flera m\u00f6jligheter, inklusive insatser mot den s\u00e5 kallade skuggflottan best\u00e5ende av gamla oljetankers som Ryssland anv\u00e4nder f\u00f6r att runda v\u00e4sts sanktioner som inf\u00f6rts med anledning av anfallskriget mot Ukraina. \u00c5tg\u00e4rder mot handlare, som genomf\u00f6r oljeaff\u00e4rerna, finns ocks\u00e5 som en m\u00f6jlighet, enligt k\u00e4lluppgifter till Bloomberg.<\/p>\n<p>De nya sanktionerna kan offentligg\u00f6ras s\u00e5 tidigt som den h\u00e4r veckan.<\/p>\n","protected":false},"excerpt":{"rendered":"USA \u00f6verv\u00e4ger flera m\u00f6jligheter, inklusive insatser mot den s\u00e5 kallade skuggflottan best\u00e5ende av gamla oljetankers som Ryssland anv\u00e4nder&hellip;\n","protected":false},"author":2,"featured_media":110217,"comment_status":"","ping_status":"","sticky":false,"template":"","format":"standard","meta":{"footnotes":""},"categories":[14],"tags":[22,23,26,27,17,21,24,25,28,29,15,16,18,34,31,33,32,30,19,20,51,52,53,54],"class_list":{"0":"post-110216","1":"post","2":"type-post","3":"status-publish","4":"format-standard","5":"has-post-thumbnail","7":"category-varlden","8":"tag-breaking-news","9":"tag-breakingnews","10":"tag-featured-news","11":"tag-featurednews","12":"tag-headlines","13":"tag-huvudnyheter","14":"tag-latest-news","15":"tag-latestnews","16":"tag-main-news","17":"tag-mainnews","18":"tag-news","19":"tag-nyheter","20":"tag-rubriker","21":"tag-se","22":"tag-svenska","23":"tag-sverige","24":"tag-sweden","25":"tag-swedish","26":"tag-top-stories","27":"tag-topstories","28":"tag-varlden","29":"tag-world","30":"tag-world-news","31":"tag-worldnews"},"share_on_mastodon":{"url":"https:\/\/pubeurope.com\/@se\/115741309287794526","error":""},"_links":{"self":[{"href":"https:\/\/www.europesays.com\/se\/wp-json\/wp\/v2\/posts\/110216","targetHints":{"allow":["GET"]}}],"collection":[{"href":"https:\/\/www.europesays.com\/se\/wp-json\/wp\/v2\/posts"}],"about":[{"href":"https:\/\/www.europesays.com\/se\/wp-json\/wp\/v2\/types\/post"}],"author":[{"embeddable":true,"href":"https:\/\/www.europesays.com\/se\/wp-json\/wp\/v2\/users\/2"}],"replies":[{"embeddable":true,"href":"https:\/\/www.europesays.com\/se\/wp-json\/wp\/v2\/comments?post=110216"}],"version-history":[{"count":0,"href":"https:\/\/www.europesays.com\/se\/wp-json\/wp\/v2\/posts\/110216\/revisions"}],"wp:featuredmedia":[{"embeddable":true,"href":"https:\/\/www.europesays.com\/se\/wp-json\/wp\/v2\/media\/110217"}],"wp:attachment":[{"href":"https:\/\/www.europesays.com\/se\/wp-json\/wp\/v2\/media?parent=110216"}],"wp:term":[{"taxonomy":"category","embeddable":true,"href":"https:\/\/www.europesays.com\/se\/wp-json\/wp\/v2\/categories?post=110216"},{"taxonomy":"post_tag","embeddable":true,"href":"https:\/\/www.europesays.com\/se\/wp-json\/wp\/v2\/tags?post=110216"}],"curies":[{"name":"wp","href":"https:\/\/api.w.org\/{rel}","templated":true}]}}