{"id":110223,"date":"2025-12-18T15:40:40","date_gmt":"2025-12-18T15:40:40","guid":{"rendered":"https:\/\/www.europesays.com\/se\/110223\/"},"modified":"2025-12-18T15:40:40","modified_gmt":"2025-12-18T15:40:40","slug":"musikaret-2025-det-har-var-bast-18-december-2025-p1-kultur-reportage","status":"publish","type":"post","link":"https:\/\/www.europesays.com\/se\/110223\/","title":{"rendered":"Musik\u00e5ret 2025 \u2013 det h\u00e4r var b\u00e4st! 18 december 2025 &#8211; P1 Kultur Reportage"},"content":{"rendered":"<p>Det var \u00e5ret d\u00e5 Kent och Oasis \u00e5terf\u00f6renades, KAJ l\u00e4rde Europa att bada bastu och Taylor Swift blev s\u00e5gad. Men ocks\u00e5 \u00e5ret d\u00e5 Gen Z fick nya rockanthems, den danska indiescenen blomstrade, och Rosal\u00eda sj\u00f6ng om helgon p\u00e5 13 olika spr\u00e5k.<\/p>\n<p>Var fanns den b\u00e4sta och mest sp\u00e4nnande musiken?<\/p>\n<p>P1 kultur tar hj\u00e4lp av P3:s Oscar Kangro, DN:s Johanna Paulsson, Jazzradions Berit Nygren och Musikrevyns Karin Birgersson f\u00f6r att vrida och v\u00e4nda p\u00e5 2025.<\/p>\n<p>LISTOR: KRITIKERNAS B\u00c4STA MUSIK 2025<\/p>\n<p><strong>Musikrevyn i P2:s tre b\u00e4sta album:<\/strong><\/p>\n<p>Barbara Hannigan, Katia och Marielle\u00a0Lab\u00e8que, David Chalmin: \u201dElectric fields\u201d<\/p>\n<p>Galina Ustvolskaya, Symfonier med Londons filharmoniker och Christian Karlsen<\/p>\n<p>Franz Liszt \u201dVia Crucis\u201d med Det norske solistkor, Leif-Ove Andsnes (piano), Grete Pedersen (dirigent)<\/p>\n<p><strong>Berit Nygrens tre b\u00e4sta jazzvokalister:<\/strong><\/p>\n<p>Isabel Berglund<\/p>\n<p>Emmalisa Hallander<\/p>\n<p>C\u00e9cile McLorin Salvant<\/p>\n<p><strong>Oscar Kangros sex b\u00e4sta album:<\/strong><\/p>\n<p>Nourished by Time: \u201dThe Passionate Ones\u201d<\/p>\n<p>Joanne Robertson: \u201dGown\u201d<\/p>\n<p>Smerz: \u201dBig City Life\u201d<\/p>\n<p>Mk Velsorf &amp; Aase Nielsen: \u201dOpening Night\u201d<\/p>\n<p>Reservoir &amp; Matt Gold: \u201dCanopy\u201d<\/p>\n<p>Rosal\u00eda: \u201dLux\u201d<\/p>\n<p><strong>Johanna Paulssons tre b\u00e4sta album:<\/strong><\/p>\n<p>Anna von Hausswolff: \u201dIconoclasts\u201d<\/p>\n<p>Rosal\u00eda: \u201dLux\u201d<\/p>\n<p>Barbara Hannigan, Katia och Marielle\u00a0Lab\u00e8que, David Chalmin: \u201dElectric fields\u201d<\/p>\n<p>\u00a0<\/p>\n","protected":false},"excerpt":{"rendered":"Det var \u00e5ret d\u00e5 Kent och Oasis \u00e5terf\u00f6renades, KAJ l\u00e4rde Europa att bada bastu och Taylor Swift blev&hellip;\n","protected":false},"author":2,"featured_media":110224,"comment_status":"","ping_status":"","sticky":false,"template":"","format":"standard","meta":{"footnotes":""},"categories":[67],"tags":[900,104,903,902,2405,194,2410,898,2403,2404,2402,2406,1082,2407,787,2408,2409,171,34,31,33,32,30,105],"class_list":{"0":"post-110223","1":"post","2":"type-post","3":"status-publish","4":"format-standard","5":"has-post-thumbnail","7":"category-underhallning","8":"tag-bcker","9":"tag-entertainment","10":"tag-film","11":"tag-konst","12":"tag-kritik","13":"tag-kultur","14":"tag-kulturdokumentr","15":"tag-kulturnyheter","16":"tag-kulturprogram","17":"tag-kulturradio","18":"tag-kulturradion","19":"tag-kulturreportage","20":"tag-litteratur","21":"tag-lyrik","22":"tag-lyssna","23":"tag-poesi","24":"tag-populrkultur","25":"tag-radio","26":"tag-se","27":"tag-svenska","28":"tag-sverige","29":"tag-sweden","30":"tag-swedish","31":"tag-underhallning"},"share_on_mastodon":{"url":"https:\/\/pubeurope.com\/@se\/115741328854752941","error":""},"_links":{"self":[{"href":"https:\/\/www.europesays.com\/se\/wp-json\/wp\/v2\/posts\/110223","targetHints":{"allow":["GET"]}}],"collection":[{"href":"https:\/\/www.europesays.com\/se\/wp-json\/wp\/v2\/posts"}],"about":[{"href":"https:\/\/www.europesays.com\/se\/wp-json\/wp\/v2\/types\/post"}],"author":[{"embeddable":true,"href":"https:\/\/www.europesays.com\/se\/wp-json\/wp\/v2\/users\/2"}],"replies":[{"embeddable":true,"href":"https:\/\/www.europesays.com\/se\/wp-json\/wp\/v2\/comments?post=110223"}],"version-history":[{"count":0,"href":"https:\/\/www.europesays.com\/se\/wp-json\/wp\/v2\/posts\/110223\/revisions"}],"wp:featuredmedia":[{"embeddable":true,"href":"https:\/\/www.europesays.com\/se\/wp-json\/wp\/v2\/media\/110224"}],"wp:attachment":[{"href":"https:\/\/www.europesays.com\/se\/wp-json\/wp\/v2\/media?parent=110223"}],"wp:term":[{"taxonomy":"category","embeddable":true,"href":"https:\/\/www.europesays.com\/se\/wp-json\/wp\/v2\/categories?post=110223"},{"taxonomy":"post_tag","embeddable":true,"href":"https:\/\/www.europesays.com\/se\/wp-json\/wp\/v2\/tags?post=110223"}],"curies":[{"name":"wp","href":"https:\/\/api.w.org\/{rel}","templated":true}]}}