{"id":110242,"date":"2025-12-18T16:01:03","date_gmt":"2025-12-18T16:01:03","guid":{"rendered":"https:\/\/www.europesays.com\/se\/110242\/"},"modified":"2025-12-18T16:01:03","modified_gmt":"2025-12-18T16:01:03","slug":"norges-bank-lamnar-rantorna-oforandrade","status":"publish","type":"post","link":"https:\/\/www.europesays.com\/se\/110242\/","title":{"rendered":"Norges Bank l\u00e4mnar r\u00e4ntorna of\u00f6r\u00e4ndrade"},"content":{"rendered":"<p>Det viktigaste i korthet<\/p>\n<ul class=\"mdc-story-list__mdc mdc-story-list--unordered__mdc mdc-story-body__block__mdc\">\n<li>Norges Bank beh\u00f6ll styrr\u00e4ntan p\u00e5 4,00% vid sitt sista m\u00f6te f\u00f6r \u00e5ret, vilket var allm\u00e4nt f\u00f6rv\u00e4ntat.<\/li>\n<li>Norges centralbank upprepade att den inte har br\u00e5ttom att s\u00e4nka r\u00e4ntorna.<\/li>\n<li>Analytiker f\u00f6rv\u00e4ntar sig att n\u00e4sta r\u00e4ntes\u00e4nkning kommer att ske i mitten av 2026, vilket inneb\u00e4r att styrr\u00e4ntan kommer att ligga p\u00e5 3,50% vid n\u00e4sta \u00e5rs slut.<\/li>\n<\/ul>\n<p class=\"mdc-story-body__paragraph__mdc mdc-story-body__paragraph--large__mdc mdc-story-body__block__mdc\">Vid sitt sista m\u00f6te f\u00f6r \u00e5ret l\u00e4mnade Norges Bank styrr\u00e4ntan of\u00f6r\u00e4ndrad p\u00e5 4,00% efter tv\u00e5 r\u00e4ntes\u00e4nkningar tidigare i \u00e5r. Norges centralbank meddelade att en restriktiv penningpolitik fortfarande var n\u00f6dv\u00e4ndig f\u00f6r att hantera inflationen p\u00e5 3%.<\/p>\n<p class=\"mdc-story-body__paragraph__mdc mdc-story-body__paragraph--large__mdc mdc-story-body__block__mdc\">\u201dKronans v\u00e4xelkurs har f\u00f6rsvagats sedan septemberrapporten och bidrar till att inflationsutsikterna n\u00e5got h\u00f6js fram\u00f6ver. Om styrr\u00e4ntan s\u00e4nks f\u00f6r snabbt kan inflationen ligga kvar \u00f6ver m\u00e5let under f\u00f6r l\u00e5ng tid\u201d, s\u00e4ger Norges Bank.<\/p>\n<p>Vilka \u00e4r Norges Banks viktigaste r\u00e4ntesatser?<\/p>\n<ul class=\"mdc-story-list__mdc mdc-story-list--unordered__mdc mdc-story-body__block__mdc\">\n<li>Styrr\u00e4nta: 4%<\/li>\n<li>Dagskurs: 5%<\/li>\n<li>Reservr\u00e4nta: 3%<\/li>\n<\/ul>\n<p>Kommer Norges Bank att s\u00e4nka r\u00e4ntorna 2026?<\/p>\n<p class=\"mdc-story-body__paragraph__mdc mdc-story-body__paragraph--large__mdc mdc-story-body__block__mdc\">H\u00e4r \u00e4r de f\u00f6rsta viktiga r\u00e4ntebeslutsdatumen f\u00f6r 2026:<\/p>\n<ul class=\"mdc-story-list__mdc mdc-story-list--unordered__mdc mdc-story-body__block__mdc\">\n<li>22 januari<\/li>\n<li>26 mars<\/li>\n<li>7 maj<\/li>\n<li>18 juni<\/li>\n<\/ul>\n<p class=\"mdc-story-body__paragraph__mdc mdc-story-body__paragraph--large__mdc mdc-story-body__block__mdc\">Inflationen \u00e4r fortsatt h\u00f6g, men Norges Bank konstaterar att det verkar finnas n\u00e5got mer ledig kapacitet i ekonomin \u00e4n vad som prognostiserades i septemberrapporten. Centralbanken har d\u00e4rf\u00f6r gjort en mindre nedrevidering av den kortsiktiga r\u00e4ntebanan.<\/p>\n<p class=\"mdc-story-body__paragraph__mdc mdc-story-body__paragraph--large__mdc mdc-story-body__block__mdc\">\u201cKommitt\u00e9n vill inte begr\u00e4nsa ekonomin mer \u00e4n vad som beh\u00f6vs f\u00f6r att f\u00e5 ner inflationen till m\u00e5let\u201d, sade Norges Bank och tillade att det \u00e4r l\u00e4mpligt att beh\u00e5lla styrr\u00e4ntan of\u00f6r\u00e4ndrad vid detta m\u00f6te, men att man \u201cfortfarande f\u00f6rutser en f\u00f6rsiktig normalisering av styrr\u00e4ntan under de kommande \u00e5ren\u201d.<\/p>\n<p class=\"mdc-story-body__paragraph__mdc mdc-story-body__paragraph--large__mdc mdc-story-body__block__mdc\">Norges Bank signalerar nu att r\u00e4ntorna kommer att ligga kvar p\u00e5 samma niv\u00e5 under f\u00f6rsta kvartalet, vilket i praktiken utesluter en s\u00e4nkning i mars f\u00f6r tillf\u00e4llet. Banken ser ungef\u00e4r 50\/50 sannolikhet f\u00f6r en f\u00f6rsta s\u00e4nkning i juni, med en s\u00e4nkning som \u00e4r helt signalerad f\u00f6r september. Centralbanken indikerar sedan ytterligare 50\/50 sannolikhet f\u00f6r en ytterligare s\u00e4nkning f\u00f6re slutet av 2026.<\/p>\n<p class=\"mdc-story-body__paragraph__mdc mdc-story-body__paragraph--large__mdc mdc-story-body__block__mdc\">\u201dJ\u00e4mf\u00f6rt med v\u00e5ra f\u00f6rv\u00e4ntningar var detta en n\u00e5got mer h\u00f6kaktig nedjustering av r\u00e4ntebanan. Vi hade f\u00f6rv\u00e4ntat oss en starkare signal om en s\u00e4nkning i juni, med en sannolikhet p\u00e5 cirka 80%, f\u00f6ljt av en fullt prissatt s\u00e4nkning i september\u201d, s\u00e4ger Karine Alsvik Nelson, makroekonom p\u00e5 Handelsbanken.<\/p>\n<p class=\"mdc-story-body__paragraph__mdc mdc-story-body__paragraph--large__mdc mdc-story-body__block__mdc\">\u201cNorges Banks styrr\u00e4nteanalys visar ocks\u00e5 att de faktorer som p\u00e5verkat revideringen i stort sett var som vi f\u00f6rv\u00e4ntat oss: Svagare inhemsk efterfr\u00e5gan var den viktigaste orsaken till den l\u00e4gre banan, i kombination med n\u00e5got svagare l\u00f6ne- och prispress. \u00c5 andra sidan begr\u00e4nsade en svagare krona nedg\u00e5ngen i banan, tillsammans med upprevideringar av f\u00f6rv\u00e4ntade internationella styrr\u00e4ntor\u201d, till\u00e4gger hon.<\/p>\n<p class=\"mdc-story-body__paragraph__mdc mdc-story-body__paragraph--large__mdc mdc-story-body__block__mdc\">SEB h\u00f6ll med om att Norges Banks budskap var snedvridet \u00e5t den h\u00f6kaktiga sidan, och upprepade sin \u00e5sikt att l\u00f6neutvecklingen kommer att vara avg\u00f6rande och h\u00e5ller d\u00e4rf\u00f6r fast vid sin prognos om en s\u00e4nkning i juni.<\/p>\n<p>F\u00f6rfattaren eller f\u00f6rfattarna \u00e4ger inga aktier i de v\u00e4rdepapper som n\u00e4mns i denna artikel. L\u00e4s mer om <a href=\"https:\/\/global.morningstar.com\/sv\/policyer\/morningstars-redaktionella-policy\" tabindex=\"0\" target=\"_blank\" class=\"mdc-link__mdc mdc-link--body__mdc\" rel=\"nofollow noopener\"><br \/>\n\t\t\t\t\t\t\t\t\tMorningstars redaktionella policy.<br \/>\n\t\t\t\t\t\t\t\t<\/a><\/p>\n","protected":false},"excerpt":{"rendered":"Det viktigaste i korthet Norges Bank beh\u00f6ll styrr\u00e4ntan p\u00e5 4,00% vid sitt sista m\u00f6te f\u00f6r \u00e5ret, vilket var&hellip;\n","protected":false},"author":2,"featured_media":110243,"comment_status":"","ping_status":"","sticky":false,"template":"","format":"standard","meta":{"footnotes":""},"categories":[65],"tags":[72,70,71,34,31,33,32,30],"class_list":{"0":"post-110242","1":"post","2":"type-post","3":"status-publish","4":"format-standard","5":"has-post-thumbnail","7":"category-ekonomi","8":"tag-business","9":"tag-economy","10":"tag-ekonomi","11":"tag-se","12":"tag-svenska","13":"tag-sverige","14":"tag-sweden","15":"tag-swedish"},"share_on_mastodon":{"url":"https:\/\/pubeurope.com\/@se\/115741411490946148","error":""},"_links":{"self":[{"href":"https:\/\/www.europesays.com\/se\/wp-json\/wp\/v2\/posts\/110242","targetHints":{"allow":["GET"]}}],"collection":[{"href":"https:\/\/www.europesays.com\/se\/wp-json\/wp\/v2\/posts"}],"about":[{"href":"https:\/\/www.europesays.com\/se\/wp-json\/wp\/v2\/types\/post"}],"author":[{"embeddable":true,"href":"https:\/\/www.europesays.com\/se\/wp-json\/wp\/v2\/users\/2"}],"replies":[{"embeddable":true,"href":"https:\/\/www.europesays.com\/se\/wp-json\/wp\/v2\/comments?post=110242"}],"version-history":[{"count":0,"href":"https:\/\/www.europesays.com\/se\/wp-json\/wp\/v2\/posts\/110242\/revisions"}],"wp:featuredmedia":[{"embeddable":true,"href":"https:\/\/www.europesays.com\/se\/wp-json\/wp\/v2\/media\/110243"}],"wp:attachment":[{"href":"https:\/\/www.europesays.com\/se\/wp-json\/wp\/v2\/media?parent=110242"}],"wp:term":[{"taxonomy":"category","embeddable":true,"href":"https:\/\/www.europesays.com\/se\/wp-json\/wp\/v2\/categories?post=110242"},{"taxonomy":"post_tag","embeddable":true,"href":"https:\/\/www.europesays.com\/se\/wp-json\/wp\/v2\/tags?post=110242"}],"curies":[{"name":"wp","href":"https:\/\/api.w.org\/{rel}","templated":true}]}}