{"id":110270,"date":"2025-12-18T16:26:16","date_gmt":"2025-12-18T16:26:16","guid":{"rendered":"https:\/\/www.europesays.com\/se\/110270\/"},"modified":"2025-12-18T16:26:16","modified_gmt":"2025-12-18T16:26:16","slug":"pernilla-wahlgren-gav-christina-schollin-en-lagenhet-i-julklapp","status":"publish","type":"post","link":"https:\/\/www.europesays.com\/se\/110270\/","title":{"rendered":"Pernilla Wahlgren gav Christina Schollin en l\u00e4genhet i julklapp"},"content":{"rendered":"<p>T\u00e5rarna: \u201dR\u00f6rd och lycklig\u201d<a data-test-tag=\"internal-link\" href=\"https:\/\/www.aftonbladet.se\/av\/annie-mansson\" class=\"hyperion-css-13ns1rr\" rel=\"nofollow noopener\" target=\"\" aria-label=\"Se alla artiklar av Annie M\u00e5nsson\"><img decoding=\"async\" class=\"image-asset hyperion-css-n6kkq1\" data-test-tag=\"image-asset\" src=\"https:\/\/www.europesays.com\/se\/wp-content\/uploads\/2025\/12\/4479d944-83a5-4a64-82b1-5457244051bf\"  alt=\"\"  loading=\"lazy\" fetchpriority=\"auto\" style=\"aspect-ratio:1900 \/ 1900\"\/><\/a>share-arrowDela<\/p>\n<p>unsaveSpara<\/p>\n<p>Lyssna p\u00e5 artikelnLyssna p\u00e5&#8230;<\/p>\n<p class=\"hyperion-css-1shl3oz\" data-test-tag=\"lead-text\">Pernilla Wahlgren fyller \u00e5r p\u00e5 julafton. <\/p>\n<p class=\"hyperion-css-1shl3oz\" data-test-tag=\"lead-text\">Men i \u00e5r var det hennes mamma som fick det st\u00f6rsta paketet.<\/p>\n<p class=\"hyperion-css-1shl3oz\" data-test-tag=\"lead-text\">\u2013 Jag kan ha k\u00f6pt en liten l\u00e4genhet till henne, s\u00e4ger hon. <\/p>\n<p class=\"hyperion-css-1v9qo5x\">Tomten kom tidigt till <a data-test-tag=\"internal-link\" href=\"https:\/\/www.aftonbladet.se\/tagg\/christina-schollin\" class=\"hyperion-css-15jkft9\" rel=\"nofollow noopener\" target=\"\" theme=\"entertainment\"><strong>Christina Schollin<\/strong><\/a>, 87. <\/p>\n<p class=\"hyperion-css-1v9qo5x\">P\u00e5 <a aria-label=\"Instagram\" class=\"entertainment hyperion-css-15jkft9\" href=\"https:\/\/www.instagram.com\/p\/DSUzv4qjSjp\/?img_index=4\" rel=\"noopener nofollow noreferrer\" data-test-tag=\"external-link\" target=\"_blank\">Instagram<\/a> ber\u00e4ttar hon att hon blev \u201dtotalt \u00f6verraskad\u201d av dottern <a data-test-tag=\"internal-link\" href=\"https:\/\/www.aftonbladet.se\/tagg\/pernilla-wahlgren\" class=\"hyperion-css-15jkft9\" rel=\"nofollow noopener\" target=\"\" theme=\"entertainment\"><strong>Pernilla Wahlgrens<\/strong><\/a>, 57, julklapp. <\/p>\n<p class=\"hyperion-css-1v9qo5x\">\u201dJag fattade inte att det var sant n\u00e4r hon viftade med en nyckelknippa och sa: \u201dNu \u00e4r den h\u00e4r l\u00e4genheten din, mamma. Du kan flytta in p\u00e5 en g\u00e5ng, jag har k\u00f6pt den \u00e5t dig!\u201d Sen tog hon fram champagne och l\u00f6jromssnittar\u201d, skriver Schollin i ett inl\u00e4gg och forts\u00e4tter:<\/p>\n<p class=\"hyperion-css-1v9qo5x\">\u201dVilken dotter jag har. Jag \u00e4r omtumlad, r\u00f6rd och lycklig\u201d. <\/p>\n<p>expand-left<\/p>\n<p>helsk\u00e4rm<img decoding=\"async\" class=\"image-asset hyperion-css-u06ts1\" data-test-tag=\"image-asset\" src=\"https:\/\/www.europesays.com\/se\/wp-content\/uploads\/2025\/12\/9f802e5d-18b0-45d4-be15-e38ab333b241\"  alt=\"Pernilla Wahlgren. \"  loading=\"eager\" fetchpriority=\"high\" style=\"aspect-ratio:1900 \/ 1267\"\/>Pernilla Wahlgren. Foto: Anna T\u00e4rnhuvud<\/p>\n<p class=\"hyperion-css-1v9qo5x\">N\u00e4r Aftonbladet tr\u00e4ffar Wahlgren efter inspelningen av \u201dJul \u2013 alls\u00e5ng p\u00e5 Skansen\u201d ber\u00e4ttar hon varf\u00f6r hon ville ge sin mamma en ny l\u00e4genhet. <\/p>\n<p class=\"hyperion-css-1v9qo5x\">\u2013 Hon har ett boende i Spanien och sen bor hon ute p\u00e5 Norra Lagn\u00f6. Det \u00e4r s\u00e5 l\u00e5ngt och sv\u00e5rt att \u00e5ka dit och h\u00e4lsa p\u00e5. Man vill inte att hon ska vara d\u00e4r sj\u00e4lv. <\/p>\n<p>S\u00e5 blir det med det stora r\u00f6da huset<\/p>\n<p class=\"hyperion-css-1v9qo5x\">Pernilla hittade en l\u00e4genhet i ett seniorboende och k\u00e4nde direkt att det var r\u00e4tt. <\/p>\n<p class=\"hyperion-css-1v9qo5x\">\u2013 De har egen restaurang och de har aktiviteter, till och med en pool s\u00e5 hon kan simma varje morgon. S\u00e5 jag k\u00e4nde, nej, det h\u00e4r \u00e4r f\u00f6r bra f\u00f6r att vara sant. Det h\u00e4r vill jag ge min mamma. <\/p>\n<p class=\"hyperion-css-1v9qo5x\">Det k\u00e4nns ocks\u00e5 tryggt f\u00f6r Pernilla att ha sin mamma p\u00e5 Liding\u00f6, d\u00e4r hon sj\u00e4lv bor och d\u00e4r det \u00e4ven blir n\u00e4rmare till Schollins andra barn och barnbarn.<\/p>\n<p class=\"hyperion-css-1v9qo5x\"><strong>Hur k\u00e4ndes det att kunna ge n\u00e5got s\u00e5 fint till sin mamma?<\/strong><\/p>\n<p class=\"hyperion-css-1v9qo5x\">\u2013 Fantastiskt. Jag \u00e4r j\u00e4tteglad f\u00f6r det.<\/p>\n<p class=\"hyperion-css-1v9qo5x\"><strong>Hur var Christinas reaktion n\u00e4r hon fick det?<\/strong><\/p>\n<p class=\"hyperion-css-1v9qo5x\">\u2013 Hon gr\u00e4t kan jag s\u00e4ga. Jag tror hon fortfarande inte riktigt har f\u00f6rst\u00e5tt det.<\/p>\n<p>expand-left<\/p>\n<p>helsk\u00e4rm<img decoding=\"async\" class=\"image-asset hyperion-css-u06ts1\" data-test-tag=\"image-asset\" src=\"https:\/\/www.europesays.com\/se\/wp-content\/uploads\/2025\/12\/42611d9e-4e02-4b0f-9fe0-29c8bf2fec21\"  alt=\"Christina Schollin och Hans Wahlgren framf\u00f6r det stora r\u00f6da huset. \"  loading=\"eager\" fetchpriority=\"high\" style=\"aspect-ratio:1900 \/ 1267\"\/>Christina Schollin och Hans Wahlgren framf\u00f6r det stora r\u00f6da huset. Foto: Anna T\u00e4rnhuvud \/ Schibsted<\/p>\n<p class=\"hyperion-css-1v9qo5x\">Men \u201dDet stora r\u00f6da huset\u201d d\u00e4r Christina bott tillsammans med <strong>Hans Wahlgren<\/strong>, och som \u00e4ven Benjamin Ingrosso sjunger om i en l\u00e5t, kommer att finnas kvar i familjens liv. <\/p>\n<p class=\"hyperion-css-1v9qo5x\">\u2013 Men det \u00e4r lite f\u00f6r stort f\u00f6r henne att bo d\u00e4r sj\u00e4lv, s\u00e4ger Pernilla Wahlgren. <\/p>\n<p><img decoding=\"async\" src=\"https:\/\/www.europesays.com\/se\/wp-content\/uploads\/2025\/08\/9add73646127c36e48c4a927b199b7c2.jpg\" class=\"thumbnail-image_fbfd\" alt=\"67. God Jul alla deppiga k\u00e4ndisar\"\/><\/p>\n<p>67. God Jul alla deppiga k\u00e4ndisar<\/p>\n<p>38:23<\/p>\n<p><script async src=\"\/\/www.instagram.com\/embed.js\"><\/script><\/p>\n","protected":false},"excerpt":{"rendered":"T\u00e5rarna: \u201dR\u00f6rd och lycklig\u201dshare-arrowDela unsaveSpara Lyssna p\u00e5 artikelnLyssna p\u00e5&#8230; Pernilla Wahlgren fyller \u00e5r p\u00e5 julafton. Men i \u00e5r&hellip;\n","protected":false},"author":2,"featured_media":110271,"comment_status":"","ping_status":"","sticky":false,"template":"","format":"standard","meta":{"footnotes":""},"categories":[67],"tags":[104,34,31,33,32,30,105],"class_list":{"0":"post-110270","1":"post","2":"type-post","3":"status-publish","4":"format-standard","5":"has-post-thumbnail","7":"category-underhallning","8":"tag-entertainment","9":"tag-se","10":"tag-svenska","11":"tag-sverige","12":"tag-sweden","13":"tag-swedish","14":"tag-underhallning"},"share_on_mastodon":{"url":"https:\/\/pubeurope.com\/@se\/115741509934381020","error":""},"_links":{"self":[{"href":"https:\/\/www.europesays.com\/se\/wp-json\/wp\/v2\/posts\/110270","targetHints":{"allow":["GET"]}}],"collection":[{"href":"https:\/\/www.europesays.com\/se\/wp-json\/wp\/v2\/posts"}],"about":[{"href":"https:\/\/www.europesays.com\/se\/wp-json\/wp\/v2\/types\/post"}],"author":[{"embeddable":true,"href":"https:\/\/www.europesays.com\/se\/wp-json\/wp\/v2\/users\/2"}],"replies":[{"embeddable":true,"href":"https:\/\/www.europesays.com\/se\/wp-json\/wp\/v2\/comments?post=110270"}],"version-history":[{"count":0,"href":"https:\/\/www.europesays.com\/se\/wp-json\/wp\/v2\/posts\/110270\/revisions"}],"wp:featuredmedia":[{"embeddable":true,"href":"https:\/\/www.europesays.com\/se\/wp-json\/wp\/v2\/media\/110271"}],"wp:attachment":[{"href":"https:\/\/www.europesays.com\/se\/wp-json\/wp\/v2\/media?parent=110270"}],"wp:term":[{"taxonomy":"category","embeddable":true,"href":"https:\/\/www.europesays.com\/se\/wp-json\/wp\/v2\/categories?post=110270"},{"taxonomy":"post_tag","embeddable":true,"href":"https:\/\/www.europesays.com\/se\/wp-json\/wp\/v2\/tags?post=110270"}],"curies":[{"name":"wp","href":"https:\/\/api.w.org\/{rel}","templated":true}]}}